{"id":54331,"date":"2023-04-20T18:01:02","date_gmt":"2023-04-20T23:01:02","guid":{"rendered":"http:\/\/www.zonaroja.com.mx\/?p=54331"},"modified":"2023-04-20T19:42:44","modified_gmt":"2023-04-21T00:42:44","slug":"designan-en-fiscalia-de-oaxaca-a-contralor-interno-de-la-institucion","status":"publish","type":"post","link":"https:\/\/zonaroja.com.mx\/?p=54331","title":{"rendered":"Designan en Fiscal\u00eda de Oaxaca a Contralor Interno de la instituci\u00f3n"},"content":{"rendered":"\r\n<p>Redacci\u00f3n\/Zona Roja.<\/p>\r\n\r\n\r\n\r\n<p>Oaxaca de Ju\u00e1rez, Oax., a 20 de abril de 2023.- El fiscal General del Estado de Oaxaca (FGEO), Bernardo Rodr\u00edguez Alamilla, tom\u00f3 protesta como Contralor Interno de la instituci\u00f3n a Jorge Cruz Caballero, y reiter\u00f3 que, dentro de los ejes de esta administraci\u00f3n se encuentra la transparencia y fiscalizaci\u00f3n del manejo de los recursos p\u00fablicos.<\/p>\r\n\r\n\r\n\r\n<p>Adem\u00e1s, el fiscal \u00a0pidi\u00f3 que la labor de esta \u00e1rea permita ser un eslab\u00f3n clave para los procesos de uso adecuado, responsable y de austeridad en el gasto p\u00fablico, para evitar que se cometan actos irregulares.<\/p>\r\n\r\n\r\n\r\n<p>Por su parte, el Contralor Interno expres\u00f3 su compromiso para desempe\u00f1ar su trabajo con estricto apego a la ley vigente y mantenerse vigilante de la efectividad en la ejecuci\u00f3n presupuestal para que la instituci\u00f3n tenga un control eficiente en el gasto.<\/p>\r\n\r\n\r\n\r\n<p>Jorge Cruz Caballero es maestro en Derecho Constitucional y Administrativo, as\u00ed como licenciado en Derecho por la Universidad la Salle Oaxaca, que le concedi\u00f3 la Medalla \u201cHermano Miguel Febres Cordero\u201d, reconocimiento que se otorga a quien ha obtenido el mayor m\u00e9rito acad\u00e9mico de su generaci\u00f3n al cursar la maestr\u00eda.<\/p>\r\n\r\n\r\n\r\n<p>Tambi\u00e9n se ha desempe\u00f1ado como asesor en el municipio de Oaxaca de Ju\u00e1rez, adem\u00e1s de abogado postulante en materia administrativa, electoral y constitucional.<\/p>\r\n","protected":false},"excerpt":{"rendered":"<p>Redacci\u00f3n\/Zona Roja. Oaxaca de Ju\u00e1rez, Oax., a 20 de abril de 2023.- El fiscal General&hellip;<\/p>\n","protected":false},"author":2,"featured_media":54328,"comment_status":"closed","ping_status":"open","sticky":false,"template":"","format":"standard","meta":{"_lmt_disableupdate":"","_lmt_disable":"","_jetpack_memberships_contains_paid_content":false,"footnotes":""},"categories":[109,46],"tags":[494],"class_list":["post-54331","post","type-post","status-publish","format-standard","has-post-thumbnail","hentry","category-minuto-a-minuto","category-zona-blanca","tag-fiscalia-general-del-estado-de-oaxaca"],"jetpack_featured_media_url":"https:\/\/zonaroja.com.mx\/wp-content\/uploads\/2023\/04\/Nombramiento-Fiscalia-General-contralor.jpeg","jetpack_sharing_enabled":true,"_links":{"self":[{"href":"https:\/\/zonaroja.com.mx\/index.php?rest_route=\/wp\/v2\/posts\/54331","targetHints":{"allow":["GET"]}}],"collection":[{"href":"https:\/\/zonaroja.com.mx\/index.php?rest_route=\/wp\/v2\/posts"}],"about":[{"href":"https:\/\/zonaroja.com.mx\/index.php?rest_route=\/wp\/v2\/types\/post"}],"author":[{"embeddable":true,"href":"https:\/\/zonaroja.com.mx\/index.php?rest_route=\/wp\/v2\/users\/2"}],"replies":[{"embeddable":true,"href":"https:\/\/zonaroja.com.mx\/index.php?rest_route=%2Fwp%2Fv2%2Fcomments&post=54331"}],"version-history":[{"count":3,"href":"https:\/\/zonaroja.com.mx\/index.php?rest_route=\/wp\/v2\/posts\/54331\/revisions"}],"predecessor-version":[{"id":54335,"href":"https:\/\/zonaroja.com.mx\/index.php?rest_route=\/wp\/v2\/posts\/54331\/revisions\/54335"}],"wp:featuredmedia":[{"embeddable":true,"href":"https:\/\/zonaroja.com.mx\/index.php?rest_route=\/wp\/v2\/media\/54328"}],"wp:attachment":[{"href":"https:\/\/zonaroja.com.mx\/index.php?rest_route=%2Fwp%2Fv2%2Fmedia&parent=54331"}],"wp:term":[{"taxonomy":"category","embeddable":true,"href":"https:\/\/zonaroja.com.mx\/index.php?rest_route=%2Fwp%2Fv2%2Fcategories&post=54331"},{"taxonomy":"post_tag","embeddable":true,"href":"https:\/\/zonaroja.com.mx\/index.php?rest_route=%2Fwp%2Fv2%2Ftags&post=54331"}],"curies":[{"name":"wp","href":"https:\/\/api.w.org\/{rel}","templated":true}]}}