{"id":54337,"date":"2023-04-20T20:42:16","date_gmt":"2023-04-21T01:42:16","guid":{"rendered":"http:\/\/www.zonaroja.com.mx\/?p=54337"},"modified":"2023-04-20T20:43:16","modified_gmt":"2023-04-21T01:43:16","slug":"54337","status":"publish","type":"post","link":"https:\/\/zonaroja.com.mx\/?p=54337","title":{"rendered":"Denuncian protecci\u00f3n de S\u00edndica Nancy Mota a se\u00f1alado de robo de veh\u00edculos"},"content":{"rendered":"<p>Redacci\u00f3n\/Zona Roja.<\/p>\n<p>Oaxaca de Ju\u00e1rez, Oax., a 20 de abril de 2023.- Trabajadores de la Direcci\u00f3n de Vialidad del ayuntamiento de Oaxaca de Ju\u00e1rez denunciaron la protecci\u00f3n de la S\u00edndica Nancy Mota hacia Fidel V\u00e1squez Vargas, quien fuera director de esa corporaci\u00f3n y est\u00e1 acusado de participar en el robo de alrededor de 800 veh\u00edculos en el encierro \u201cPrimavera\u201d.<\/p>\n<p>Se\u00f1alaron que el acusado, present\u00f3 su renuncia justo en el momento en que se comenzaba a dar a conocer p\u00fablicamente la trama del robo de motocicletas y carros, as\u00ed como veh\u00edculos del transporte p\u00fablico.<\/p>\n<p>\u201cSe pasea impunemente, al lado de la S\u00edndica Nancy Mota, haciendo proselitismo a favor de Morena, con tal de<span class=\"Apple-converted-space\">&nbsp;<\/span><\/p>\n<p>Los trabajadores del \u00e1rea de Vialidad pidieron al presidente municipal Francisco Mart\u00ednez Neri que se act\u00fae con celeridad en contra de quienes participaron en dicho robo, pues se est\u00e1 inculpando sin fundamento a empleados y funcionarios de esa \u00e1rea, cuando Fidel V\u00e1squez Vargas era el titular responsable.<\/p>\n<p>\u201c\u00c9l sabe c\u00f3mo ocurrieron las cosas; \u00e9l sabe qui\u00e9n y quienes participaron y es gente que estuvo bajo su mando; debe ser procesado. La s\u00edndica Nancy Mota no debe protegerlo y debe permitir que la justicia act\u00fae\u201d, se\u00f1alaron.<\/p>\n<p>Por su parte, el pasado martes, el titular de la Fiscal\u00eda General del Estado de Oaxaca, Bernardo Rodr\u00edguez Alamilla, fue entrevistado de manera colectiva en la 28 Zona Militar de Santa Mar\u00eda Ixcotel, en que evit\u00f3 dar avances en las investigaciones del robo en el encierro \u201cPrimaver\u201d y dijo que contin\u00faan los trabajos para allegarse de m\u00e1s pruebas para fundamentar el caso.<\/p>\n","protected":false},"excerpt":{"rendered":"<p>Redacci\u00f3n\/Zona Roja. Oaxaca de Ju\u00e1rez, Oax., a 20 de abril de 2023.- Trabajadores de la&hellip;<\/p>\n","protected":false},"author":2,"featured_media":54338,"comment_status":"closed","ping_status":"open","sticky":false,"template":"","format":"standard","meta":{"_lmt_disableupdate":"","_lmt_disable":"","_jetpack_memberships_contains_paid_content":false,"footnotes":""},"categories":[109,47],"tags":[3228,148],"class_list":["post-54337","post","type-post","status-publish","format-standard","has-post-thumbnail","hentry","category-minuto-a-minuto","category-zona-gris","tag-nancy-mota-figueroa","tag-oaxaca-de-juarez"],"jetpack_featured_media_url":"https:\/\/zonaroja.com.mx\/wp-content\/uploads\/2023\/04\/Sindica-Nancy-Mota-caso-encierro-primavera.jpg","jetpack_sharing_enabled":true,"_links":{"self":[{"href":"https:\/\/zonaroja.com.mx\/index.php?rest_route=\/wp\/v2\/posts\/54337","targetHints":{"allow":["GET"]}}],"collection":[{"href":"https:\/\/zonaroja.com.mx\/index.php?rest_route=\/wp\/v2\/posts"}],"about":[{"href":"https:\/\/zonaroja.com.mx\/index.php?rest_route=\/wp\/v2\/types\/post"}],"author":[{"embeddable":true,"href":"https:\/\/zonaroja.com.mx\/index.php?rest_route=\/wp\/v2\/users\/2"}],"replies":[{"embeddable":true,"href":"https:\/\/zonaroja.com.mx\/index.php?rest_route=%2Fwp%2Fv2%2Fcomments&post=54337"}],"version-history":[{"count":2,"href":"https:\/\/zonaroja.com.mx\/index.php?rest_route=\/wp\/v2\/posts\/54337\/revisions"}],"predecessor-version":[{"id":54340,"href":"https:\/\/zonaroja.com.mx\/index.php?rest_route=\/wp\/v2\/posts\/54337\/revisions\/54340"}],"wp:featuredmedia":[{"embeddable":true,"href":"https:\/\/zonaroja.com.mx\/index.php?rest_route=\/wp\/v2\/media\/54338"}],"wp:attachment":[{"href":"https:\/\/zonaroja.com.mx\/index.php?rest_route=%2Fwp%2Fv2%2Fmedia&parent=54337"}],"wp:term":[{"taxonomy":"category","embeddable":true,"href":"https:\/\/zonaroja.com.mx\/index.php?rest_route=%2Fwp%2Fv2%2Fcategories&post=54337"},{"taxonomy":"post_tag","embeddable":true,"href":"https:\/\/zonaroja.com.mx\/index.php?rest_route=%2Fwp%2Fv2%2Ftags&post=54337"}],"curies":[{"name":"wp","href":"https:\/\/api.w.org\/{rel}","templated":true}]}}