{"id":54342,"date":"2023-04-20T22:26:58","date_gmt":"2023-04-21T03:26:58","guid":{"rendered":"http:\/\/www.zonaroja.com.mx\/?p=54342"},"modified":"2023-04-20T22:55:54","modified_gmt":"2023-04-21T03:55:54","slug":"54342","status":"publish","type":"post","link":"https:\/\/zonaroja.com.mx\/?p=54342","title":{"rendered":"\u00bfPitoniso? o a diputado burla a organizadores de la Guelaguetza 2023"},"content":{"rendered":"<p>Yuridiana Sosa\/Zona Roja.<\/p>\n<p>Oaxaca de Ju\u00e1rez, Oax., a 20 de abril de 2023.- A\u00fan en medio de un supuesto proceso para la selecci\u00f3n de las delegaciones que participar\u00e1n en la Guelaguetza 2023, el diputado de Morena, Nicol\u00e1s Enrique Feria Romero, asegur\u00f3 desde tribuna de la 65 Legislatura que la \u201cDanza de los diablos\u201d, cerrar\u00e1 las presentaciones de la m\u00e1xima fiesta.<\/p>\n<p>El ex presidente municipal de Santiago Juxtlahuaca, en la regi\u00f3n Mixteca, realiz\u00f3 la afirmaci\u00f3n durante la sesi\u00f3n ordinaria del pasado 12 de abril, en la que present\u00f3 el proyecto para declarar a la \u201cDanza de los diablos\u201d como Patrimonio Cultural Inmaterial de Oaxaca.<\/p>\n<p>Tras su exposici\u00f3n de motivos, el diputado anunci\u00f3, con euforia: \u201cPara quienes no han tenido la fortuna de conocer la \u2018Danza de los diablos\u2019, con mucho orgullo les digo que la \u2018Danza de los diablos\u2019 cerrar\u00e1 la Guelaguetza 2023.\u201d<\/p>\n<p>La afirmaci\u00f3n de Ferio Romero caus\u00f3 pol\u00e9mica entre algunos diputados, uno de ellos Horacio Sosa Sosa Villavicencio, de Morena, qui\u00e9n demand\u00f3 una explicaci\u00f3n al ex presidente de Juxtlahuaca, pues supuestamente apenas se realizar\u00e1 la selecci\u00f3n de las delegaciones.<\/p>\n<div class=\"twitter-tweet\">\n<blockquote class=\"twitter-tweet\" data-lang=\"es\">\n<p lang=\"es\" dir=\"ltr\">\u00bfEs pitoniso? O aprovechado. El pol\u00e9mico diputado de Morena, <a href=\"https:\/\/twitter.com\/NicolasFeriaDip?ref_src=twsrc%5Etfw\">@NicolasFeriaDip<\/a>, adelant\u00f3 que la delegaci\u00f3n de Juxtlahuaca con la Danza de los Diablos cerrar\u00e1 la Guelaguetza 2023.<br \/>Sin embargo, supuestamente la <a href=\"https:\/\/twitter.com\/SECULTA_GobOax?ref_src=twsrc%5Etfw\">@SECULTA_GobOax<\/a> apenas se encuentra en proceso de elecci\u00f3n de las\u2026 <a href=\"https:\/\/t.co\/tgXhf0dGIh\">pic.twitter.com\/tgXhf0dGIh<\/a><\/p>\n<p>&mdash; Zona Roja Oaxaca (@ZonaRoja_Oaxaca) <a href=\"https:\/\/twitter.com\/ZonaRoja_Oaxaca\/status\/1649180347362336770?ref_src=twsrc%5Etfw\">20 de abril de 2023<\/a><\/p><\/blockquote>\n<\/div>\n<p>\u201cC\u00f3mo si apenas viene el concurso. \u00a1Ses\u00fal! c\u00f3mo est\u00e1 eso. Perd\u00f3n presidenta, pero que nos explique por favor el diputado\u201d, manifest\u00f3 el legislador, sin embargo, su petici\u00f3n fue ignorada.<\/p>\n<p>PROCESO EN CURSO<\/p>\n<p>De acuerdo al proceso de selecci\u00f3n, la convocatoria de los grupos interesados en participar cerr\u00f3 recientemente el pasado 10 de abril y fue el fin de semana siguiente (15 de abril) que la Secretar\u00eda de las Culturas y Artes de Oaxaca (Seculta) se reuni\u00f3 con los directores art\u00edsticos de 77 grupos aspirantes sobre la siguiente etapa.<\/p>\n<p>Sobre la honestidad del proceso de selecci\u00f3n ya surgieron inconformidades por grupos danc\u00edsticos de Oaxaca de Ju\u00e1rez, quienes el pasado 8 de abril denunciaron exclusi\u00f3n y un proceso irregular en la selecci\u00f3n de la delegaci\u00f3n de la capital para representar a las \u201cChinas oaxaque\u00f1as\u201d, y en lo cual estuvo involucrada la autoridad municipal.<\/p>\n","protected":false},"excerpt":{"rendered":"<p>Yuridiana Sosa\/Zona Roja. Oaxaca de Ju\u00e1rez, Oax., a 20 de abril de 2023.- A\u00fan en&hellip;<\/p>\n","protected":false},"author":2,"featured_media":54344,"comment_status":"closed","ping_status":"open","sticky":false,"template":"","format":"standard","meta":{"_lmt_disableupdate":"","_lmt_disable":"","_jetpack_memberships_contains_paid_content":false,"footnotes":""},"categories":[109,47],"tags":[3517,1855],"class_list":["post-54342","post","type-post","status-publish","format-standard","has-post-thumbnail","hentry","category-minuto-a-minuto","category-zona-gris","tag-guelaguetza-2023-oaxaca","tag-nicolas-feria-romero"],"jetpack_featured_media_url":"https:\/\/zonaroja.com.mx\/wp-content\/uploads\/2023\/04\/Nicolas-Feria-Romero-Danza-de-los-Diablos.jpg","jetpack_sharing_enabled":true,"_links":{"self":[{"href":"https:\/\/zonaroja.com.mx\/index.php?rest_route=\/wp\/v2\/posts\/54342","targetHints":{"allow":["GET"]}}],"collection":[{"href":"https:\/\/zonaroja.com.mx\/index.php?rest_route=\/wp\/v2\/posts"}],"about":[{"href":"https:\/\/zonaroja.com.mx\/index.php?rest_route=\/wp\/v2\/types\/post"}],"author":[{"embeddable":true,"href":"https:\/\/zonaroja.com.mx\/index.php?rest_route=\/wp\/v2\/users\/2"}],"replies":[{"embeddable":true,"href":"https:\/\/zonaroja.com.mx\/index.php?rest_route=%2Fwp%2Fv2%2Fcomments&post=54342"}],"version-history":[{"count":2,"href":"https:\/\/zonaroja.com.mx\/index.php?rest_route=\/wp\/v2\/posts\/54342\/revisions"}],"predecessor-version":[{"id":54348,"href":"https:\/\/zonaroja.com.mx\/index.php?rest_route=\/wp\/v2\/posts\/54342\/revisions\/54348"}],"wp:featuredmedia":[{"embeddable":true,"href":"https:\/\/zonaroja.com.mx\/index.php?rest_route=\/wp\/v2\/media\/54344"}],"wp:attachment":[{"href":"https:\/\/zonaroja.com.mx\/index.php?rest_route=%2Fwp%2Fv2%2Fmedia&parent=54342"}],"wp:term":[{"taxonomy":"category","embeddable":true,"href":"https:\/\/zonaroja.com.mx\/index.php?rest_route=%2Fwp%2Fv2%2Fcategories&post=54342"},{"taxonomy":"post_tag","embeddable":true,"href":"https:\/\/zonaroja.com.mx\/index.php?rest_route=%2Fwp%2Fv2%2Ftags&post=54342"}],"curies":[{"name":"wp","href":"https:\/\/api.w.org\/{rel}","templated":true}]}}