{"id":54346,"date":"2023-04-20T22:38:41","date_gmt":"2023-04-21T03:38:41","guid":{"rendered":"http:\/\/www.zonaroja.com.mx\/?p=54346"},"modified":"2023-04-20T22:56:38","modified_gmt":"2023-04-21T03:56:38","slug":"54346","status":"publish","type":"post","link":"https:\/\/zonaroja.com.mx\/?p=54346","title":{"rendered":"A omisi\u00f3n gubernamental, iniciativa privada va por saneamiento de r\u00edos \u201cAtoyac\u201d y \u201cSalado\u201d"},"content":{"rendered":"<p>Yuridiana Sosa\/Zona Roja.<\/p>\n<p>Oaxaca de Ju\u00e1rez, Oax., a 20 de abril de 2023.- Ante la creciente contaminaci\u00f3n de los r\u00edos \u201cAtoyac\u201d y \u201cSalado\u201d, y la falta de acciones gubernamentales para su rescate, la iniciativa privada y asociaci\u00f3n de profesionistas apuestan por el saneamiento de estos afluentes en los Valles Centrales.<\/p>\n<p>En conferencia de prensa, empresarios, sociedad civil y asociaciones, encabezados por el ingeniero Marco Antonio Rold\u00e1n, presentaron un proyecto que involucra la voluntad ciudadana, concientizaci\u00f3n y la de autoridades municipales para la construcci\u00f3n de plantas de plantas de tratamiento de aguas residuales a bajos costos.<\/p>\n<p>Son m\u00e1s de 81 localidades a lo largo de ambos afluentes que a\u00fan mantienen sus descargas de aguas negras a esos r\u00edos, apuntaron.<\/p>\n<p>Los impulsores del proyecto se\u00f1alaron que la situaci\u00f3n actual de los r\u00edos afecta desde el suministro de agua para consumo humano, para el riego agr\u00edcola, en la industria de la construcci\u00f3n, explotaci\u00f3n de los bancos de arena y grava.<\/p>\n<p>As\u00ed como en la p\u00e9rdida del valor comercial de los terrenos en la ribera de los r\u00edos por los malos olores, se genera fauna nociva y aumento de enfermedades gastrointestinales en la poblaci\u00f3n, lo cual representa el impacto m\u00e1s grave para la sociedad.<\/p>\n<p>Todo eso cada vez m\u00e1s latente por la instalaci\u00f3n de un basurero a cielo abierto en la ribera del r\u00edo \u201cAtoyac\u201d, en inmediaciones de la Central de Abasto en la capital.<\/p>\n<div class=\"twitter-tweet\">\n<blockquote class=\"twitter-tweet\" data-lang=\"es\">\n<p lang=\"es\" dir=\"ltr\"><a href=\"https:\/\/twitter.com\/hashtag\/ENVIVO?src=hash&amp;ref_src=twsrc%5Etfw\">#ENVIVO<\/a><br \/>Oaxaca de Ju\u00e1rez, Oax., a 20 de abril de 2023.- Presentaci\u00f3n del proyecto de saneamiento de los r\u00edos \u201cAtoyac\u201d y \u201cSalado\u201d de Oaxaca, por parte de un grupo de empresarios, sociedad civil y asociaciones de profesionistas.<br \/>Transmisi\u00f3n \ud83d\udc47<a href=\"https:\/\/t.co\/JZAKUocEpr\">https:\/\/t.co\/JZAKUocEpr<\/a> <a href=\"https:\/\/t.co\/eHew6Unsr6\">pic.twitter.com\/eHew6Unsr6<\/a><\/p>\n<p>&mdash; Zona Roja Oaxaca (@ZonaRoja_Oaxaca) <a href=\"https:\/\/twitter.com\/ZonaRoja_Oaxaca\/status\/1649074103033434114?ref_src=twsrc%5Etfw\">20 de abril de 2023<\/a><\/p><\/blockquote>\n<\/div>\n<p>El proceso de saneamiento prev\u00e9 la creaci\u00f3n de plantas de tratamiento de aguas residuales, con un sistema de manejo integral, para lo cual convocan a la poblaci\u00f3n en general a conocer m\u00e1s detalles, en un curso que se efectuar\u00e1 el pr\u00f3ximo 28 de abril en Tlalixtac de Cabrera.<\/p>\n<p>La acci\u00f3n se acompa\u00f1ar\u00e1 de campa\u00f1as de difusi\u00f3n de informaci\u00f3n importante en las comunidades sobre el uso del agua, as\u00ed como de permisos sobre concesiones; adem\u00e1s de concientizaci\u00f3n en la poblaci\u00f3n para el manejo de la basura.<\/p>\n<p>Sobre la omisi\u00f3n del gobierno del estado y algunos municipios de la zona conurbada para atender la sentencia del Tribunal Colegiado de Circuito sobre el saneamiento del r\u00edo \u201cAtoyac\u201d y \u201cSalado\u201d, la iniciativa privada expres\u00f3 que esperan que pronto las autoridades tomen como prioridad en sus gobiernos dicha acci\u00f3n.<\/p>\n<p>OMISI\u00d3Na<\/p>\n<p>Desde marzo del 2018 existe un amparo para que en 90 d\u00edas las autoridades federales, estatales y municipales cumplan con la sentencia que los obliga a rescatar los&nbsp;r\u00edos&nbsp;\u201cAtoyac\u201d y \u201cSalado\u201d, pero hasta el momento no se ha cumplido.<\/p>\n<p>En un supuesto inter\u00e9s por cumplir, se integr\u00f3 la Comisi\u00f3n de Cuencas de los&nbsp;r\u00edos, conformando un grupo espec\u00edfico de trabajo por instituciones p\u00fablicas federales, estatales y organismos civiles, quienes lograron 11 ejes de acci\u00f3n, 60 l\u00edneas de estrategias y 137 actividades por implementar, pero al no cumplirse ninguna se sigue violando el derecho de la ciudadan\u00eda de un medio ambiente saludable.<\/p>\n","protected":false},"excerpt":{"rendered":"<p>Yuridiana Sosa\/Zona Roja. Oaxaca de Ju\u00e1rez, Oax., a 20 de abril de 2023.- Ante la&hellip;<\/p>\n","protected":false},"author":2,"featured_media":54343,"comment_status":"closed","ping_status":"open","sticky":false,"template":"","format":"standard","meta":{"_lmt_disableupdate":"","_lmt_disable":"","_jetpack_memberships_contains_paid_content":false,"footnotes":""},"categories":[109,47],"tags":[],"class_list":["post-54346","post","type-post","status-publish","format-standard","has-post-thumbnail","hentry","category-minuto-a-minuto","category-zona-gris"],"jetpack_featured_media_url":"https:\/\/zonaroja.com.mx\/wp-content\/uploads\/2023\/04\/Conferencia-de-prensa-saneamiento-rios-Atoyac-y-Salado.jpg","jetpack_sharing_enabled":true,"_links":{"self":[{"href":"https:\/\/zonaroja.com.mx\/index.php?rest_route=\/wp\/v2\/posts\/54346","targetHints":{"allow":["GET"]}}],"collection":[{"href":"https:\/\/zonaroja.com.mx\/index.php?rest_route=\/wp\/v2\/posts"}],"about":[{"href":"https:\/\/zonaroja.com.mx\/index.php?rest_route=\/wp\/v2\/types\/post"}],"author":[{"embeddable":true,"href":"https:\/\/zonaroja.com.mx\/index.php?rest_route=\/wp\/v2\/users\/2"}],"replies":[{"embeddable":true,"href":"https:\/\/zonaroja.com.mx\/index.php?rest_route=%2Fwp%2Fv2%2Fcomments&post=54346"}],"version-history":[{"count":2,"href":"https:\/\/zonaroja.com.mx\/index.php?rest_route=\/wp\/v2\/posts\/54346\/revisions"}],"predecessor-version":[{"id":54349,"href":"https:\/\/zonaroja.com.mx\/index.php?rest_route=\/wp\/v2\/posts\/54346\/revisions\/54349"}],"wp:featuredmedia":[{"embeddable":true,"href":"https:\/\/zonaroja.com.mx\/index.php?rest_route=\/wp\/v2\/media\/54343"}],"wp:attachment":[{"href":"https:\/\/zonaroja.com.mx\/index.php?rest_route=%2Fwp%2Fv2%2Fmedia&parent=54346"}],"wp:term":[{"taxonomy":"category","embeddable":true,"href":"https:\/\/zonaroja.com.mx\/index.php?rest_route=%2Fwp%2Fv2%2Fcategories&post=54346"},{"taxonomy":"post_tag","embeddable":true,"href":"https:\/\/zonaroja.com.mx\/index.php?rest_route=%2Fwp%2Fv2%2Ftags&post=54346"}],"curies":[{"name":"wp","href":"https:\/\/api.w.org\/{rel}","templated":true}]}}