{"id":54363,"date":"2023-04-21T08:03:43","date_gmt":"2023-04-21T13:03:43","guid":{"rendered":"http:\/\/www.zonaroja.com.mx\/?p=54363"},"modified":"2023-04-21T08:31:30","modified_gmt":"2023-04-21T13:31:30","slug":"54363","status":"publish","type":"post","link":"https:\/\/zonaroja.com.mx\/?p=54363","title":{"rendered":"Integrante del C\u00e1rtel de los Arellano F\u00e9lix, el ejecutado en la Cdmx"},"content":{"rendered":"<p>Redacci\u00f3n\/Cdmx.<\/p>\n<p>Ciudad de M\u00e9xico, a 21 de abril de 2023.- Fue identificado el hombre asesinado durante la tarde del jueves 20 de abril en Plaza Carso de la Ciudad de M\u00e9xico, se trata de Julio C\u00e9sar Soto, un hombre de 42 a\u00f1os vinculado al grupo de Los Arellano F\u00e9lix, de acuerdo con los primeros reportes se tratar\u00eda de un miembro importante del grupo criminal.<\/p>\n<p>Luego del ataque ocurrido en la alcald\u00eda Miguel Hidalgo el titular de la Secretar\u00eda de Seguridad Ciudadana (SSC) Omar Garc\u00eda Harfuch dijo a trav\u00e9s de su cuenta de Twitter que se trataba de un posible integrante del crimen organizado.<\/p>\n<p>\u201cUna persona fue atacada de manera directa y perdi\u00f3 la vida, de acuerdo con los primeros resultados de la investigaci\u00f3n, se trata presuntamente de una persona vinculada a la delincuencia organizada en el Norte del pa\u00eds\u201d.<\/p>\n<p>La relaci\u00f3n de la v\u00edctima con el grupo delictivo fue revelada por el periodista Carlos Jim\u00e9nez a trav\u00e9s de sus redes sociales y detall\u00f3 que dicha persona hab\u00eda sido detenida en diversas ocasiones. Otro de los nombres con los que era identificado era C\u00e9sar Meza Soto. Dicho hombre recibi\u00f3 al menos tres disparos de arma de fuego cuando estaba en una sucursal de Starbucks.<\/p>\n<p>Posteriormente, Garc\u00eda Harfuch inform\u00f3 que el hombre asesinado contaba con una orden de aprehensi\u00f3n en Oklahoma, EEUU por tr\u00e1fico de drogas. Por su parte, se report\u00f3 que las autoridades de la capital identificaron al sujeto con el nombre referido, operaba en la colonia Los Pinos, en Tijuana, Baja California.<\/p>\n<p>Tras el ataque se registr\u00f3 una intensa actividad polic\u00edaca, se reportaron por lo menos 12 unidades de la SSC y al lugar tambi\u00e9n acudieron agentes de la Fiscal\u00eda General de Justicia (FGJ) de la Cdmx, instituci\u00f3n que inici\u00f3 una investigacion por los hechos ocurridos.<\/p>\n<p>\u201cIniciamos una investigaci\u00f3n luego de la muerte de una persona, ocurrida en una plaza ubicada en la alcald\u00eda Miguel Hidalgo. Personal ministerial, peritos, @PDI_FGJCDMX y c\u00e9lulas de atenci\u00f3n a v\u00edctimas ya se encuentran en el lugar\u201d, comparti\u00f3 en sus redes sociales la Fiscal\u00eda Cdmx.<\/p>\n<p>Omar Garc\u00eda Harfuch detall\u00f3 en una llamada telef\u00f3nica con el medio Milenio inform\u00f3 que el hombre asesinado no era un objetivo por parte de la SSC y que, de acuerdo a informaci\u00f3n preliminar, la v\u00edctima pertenec\u00eda un grupo delictivo al norte de M\u00e9xico, pero enfatiz\u00f3 que no estaba en posici\u00f3n de confirmar lo anterior. Lo que s\u00ed asegur\u00f3 es que el sujeto cuenta con una orden de aprehensi\u00f3n en EEUU por tr\u00e1fico de droga, tal como inform\u00f3 en sus redes sociales.<\/p>\n<p>(Informaci\u00f3n de Infobae M\u00e9xic<\/p>\n","protected":false},"excerpt":{"rendered":"<p>Redacci\u00f3n\/Cdmx. Ciudad de M\u00e9xico, a 21 de abril de 2023.- Fue identificado el hombre asesinado&hellip;<\/p>\n","protected":false},"author":2,"featured_media":54355,"comment_status":"closed","ping_status":"open","sticky":false,"template":"","format":"standard","meta":{"_lmt_disableupdate":"","_lmt_disable":"","_jetpack_memberships_contains_paid_content":false,"footnotes":""},"categories":[109,47],"tags":[1746],"class_list":["post-54363","post","type-post","status-publish","format-standard","has-post-thumbnail","hentry","category-minuto-a-minuto","category-zona-gris","tag-violencia-en-mexico"],"jetpack_featured_media_url":"https:\/\/zonaroja.com.mx\/wp-content\/uploads\/2023\/04\/Asesinado-Plaza-Carso-Cdmx.jpeg","jetpack_sharing_enabled":true,"_links":{"self":[{"href":"https:\/\/zonaroja.com.mx\/index.php?rest_route=\/wp\/v2\/posts\/54363","targetHints":{"allow":["GET"]}}],"collection":[{"href":"https:\/\/zonaroja.com.mx\/index.php?rest_route=\/wp\/v2\/posts"}],"about":[{"href":"https:\/\/zonaroja.com.mx\/index.php?rest_route=\/wp\/v2\/types\/post"}],"author":[{"embeddable":true,"href":"https:\/\/zonaroja.com.mx\/index.php?rest_route=\/wp\/v2\/users\/2"}],"replies":[{"embeddable":true,"href":"https:\/\/zonaroja.com.mx\/index.php?rest_route=%2Fwp%2Fv2%2Fcomments&post=54363"}],"version-history":[{"count":2,"href":"https:\/\/zonaroja.com.mx\/index.php?rest_route=\/wp\/v2\/posts\/54363\/revisions"}],"predecessor-version":[{"id":54371,"href":"https:\/\/zonaroja.com.mx\/index.php?rest_route=\/wp\/v2\/posts\/54363\/revisions\/54371"}],"wp:featuredmedia":[{"embeddable":true,"href":"https:\/\/zonaroja.com.mx\/index.php?rest_route=\/wp\/v2\/media\/54355"}],"wp:attachment":[{"href":"https:\/\/zonaroja.com.mx\/index.php?rest_route=%2Fwp%2Fv2%2Fmedia&parent=54363"}],"wp:term":[{"taxonomy":"category","embeddable":true,"href":"https:\/\/zonaroja.com.mx\/index.php?rest_route=%2Fwp%2Fv2%2Fcategories&post=54363"},{"taxonomy":"post_tag","embeddable":true,"href":"https:\/\/zonaroja.com.mx\/index.php?rest_route=%2Fwp%2Fv2%2Ftags&post=54363"}],"curies":[{"name":"wp","href":"https:\/\/api.w.org\/{rel}","templated":true}]}}