{"id":54365,"date":"2023-04-21T08:07:10","date_gmt":"2023-04-21T13:07:10","guid":{"rendered":"http:\/\/www.zonaroja.com.mx\/?p=54365"},"modified":"2023-04-21T08:31:52","modified_gmt":"2023-04-21T13:31:52","slug":"54365","status":"publish","type":"post","link":"https:\/\/zonaroja.com.mx\/?p=54365","title":{"rendered":"Anuncia Poder Judicial\u00a0Primer Encuentro\u00a0 de Magistraturas Constitucionales Locales"},"content":{"rendered":"<p>Redacci\u00f3n\/Zona Roja.<\/p>\n<p>Oaxaca de Ju\u00e1rez, Oax., a 21 de abril de 2023.- En la sede del Poder Judicial del Estado de Oaxaca, este viernes se realizar\u00e1 el&nbsp;Primer Encuentro Nacional de Magistraturas Constitucionales Locales, en el marco&nbsp;del Noveno Seminario de Derecho Constitucional Oaxaca 2023&nbsp;que&nbsp;dio&nbsp;inicio&nbsp;el 19 de abril&nbsp;con la participaci\u00f3n de&nbsp;destacados juristas, profesionales del derecho y reconocidos especialistas.<\/p>\n<p>El magistrado presidente, Eduardo Pinacho&nbsp;S\u00e1nchez, se\u00f1al\u00f3&nbsp;que esta actividad&nbsp;brinda la oportunidad de fortalecer el proceso acad\u00e9mico e institucional del constitucionalismo local en M\u00e9xico, el intercambio de ideas, la discusi\u00f3n acad\u00e9mica, el an\u00e1lisis cr\u00edtico de la jurisprudencia y la pr\u00e1ctica constitucional,&nbsp;rama del derecho p\u00fablico cuyo principal objeto de estudio son las leyes fundamentales de un Estado y singularmente de su Constituci\u00f3n<\/p>\n<p>El&nbsp;Primer Encuentro Nacional de Magistraturas Constitucionales Locales&nbsp;dar\u00e1 inicio a las 10:00 horas con ponencias en diferentes temas, en las que intervendr\u00e1n como Comisi\u00f3n de Moderaci\u00f3n el magistrado presidente&nbsp;Eduardo Pinacho S\u00e1nchez, las magistradas&nbsp;Berenice Ram\u00edrez Jim\u00e9nez&nbsp;y&nbsp;Hortencia&nbsp;Castellanos Ch\u00e1vez, as\u00ed como el magistrado&nbsp;Mois\u00e9s Molina Reyes.<\/p>\n<p>El&nbsp;Noveno Seminario&nbsp;de Derecho Constitucional Oaxaca 2023&nbsp;se realiza en una colaboraci\u00f3n conjunta del Poder Judicial del Estado con la Facultad de Derecho y Ciencias Sociales de la Universidad Aut\u00f3noma \u201cBenito Ju\u00e1rez\u201d de Oaxaca (UABJO), el Instituto de Investigaciones Jur\u00eddicas de la Universidad Nacional Aut\u00f3noma de M\u00e9xico (UNAM) y el Instituto Iberoamericano de Derecho Constitucional&nbsp;(IIDC).<\/p>\n<p>Este jueves 20 las&nbsp;actividades se desarrollan en&nbsp;el Auditorio de la Facultad de Derecho de la UABJO&nbsp;en&nbsp;Ciudad Universitaria&nbsp;con las mesas&nbsp;de an\u00e1lisis&nbsp;Constituci\u00f3n, Derechos humanos y justicia familiar;&nbsp;Constituci\u00f3n, Derechos Humanos y Justicia Civil y Mercantil&nbsp;y&nbsp;Constituci\u00f3n, Derechos Humanos y Justicia Ind\u00edgena.<\/p>\n","protected":false},"excerpt":{"rendered":"<p>Redacci\u00f3n\/Zona Roja. Oaxaca de Ju\u00e1rez, Oax., a 21 de abril de 2023.- En la sede&hellip;<\/p>\n","protected":false},"author":2,"featured_media":54358,"comment_status":"closed","ping_status":"open","sticky":false,"template":"","format":"standard","meta":{"_lmt_disableupdate":"","_lmt_disable":"","_jetpack_memberships_contains_paid_content":false,"footnotes":""},"categories":[109,46],"tags":[223],"class_list":["post-54365","post","type-post","status-publish","format-standard","has-post-thumbnail","hentry","category-minuto-a-minuto","category-zona-blanca","tag-poder-judicial-de-oaxaca"],"jetpack_featured_media_url":"https:\/\/zonaroja.com.mx\/wp-content\/uploads\/2023\/04\/En-una-suma-de-esfuerzos-inicio-el-Noveno-Seminario-de-Derecho-Constitucional.jpg","jetpack_sharing_enabled":true,"_links":{"self":[{"href":"https:\/\/zonaroja.com.mx\/index.php?rest_route=\/wp\/v2\/posts\/54365","targetHints":{"allow":["GET"]}}],"collection":[{"href":"https:\/\/zonaroja.com.mx\/index.php?rest_route=\/wp\/v2\/posts"}],"about":[{"href":"https:\/\/zonaroja.com.mx\/index.php?rest_route=\/wp\/v2\/types\/post"}],"author":[{"embeddable":true,"href":"https:\/\/zonaroja.com.mx\/index.php?rest_route=\/wp\/v2\/users\/2"}],"replies":[{"embeddable":true,"href":"https:\/\/zonaroja.com.mx\/index.php?rest_route=%2Fwp%2Fv2%2Fcomments&post=54365"}],"version-history":[{"count":2,"href":"https:\/\/zonaroja.com.mx\/index.php?rest_route=\/wp\/v2\/posts\/54365\/revisions"}],"predecessor-version":[{"id":54372,"href":"https:\/\/zonaroja.com.mx\/index.php?rest_route=\/wp\/v2\/posts\/54365\/revisions\/54372"}],"wp:featuredmedia":[{"embeddable":true,"href":"https:\/\/zonaroja.com.mx\/index.php?rest_route=\/wp\/v2\/media\/54358"}],"wp:attachment":[{"href":"https:\/\/zonaroja.com.mx\/index.php?rest_route=%2Fwp%2Fv2%2Fmedia&parent=54365"}],"wp:term":[{"taxonomy":"category","embeddable":true,"href":"https:\/\/zonaroja.com.mx\/index.php?rest_route=%2Fwp%2Fv2%2Fcategories&post=54365"},{"taxonomy":"post_tag","embeddable":true,"href":"https:\/\/zonaroja.com.mx\/index.php?rest_route=%2Fwp%2Fv2%2Ftags&post=54365"}],"curies":[{"name":"wp","href":"https:\/\/api.w.org\/{rel}","templated":true}]}}