{"id":54369,"date":"2023-04-21T12:30:28","date_gmt":"2023-04-21T17:30:28","guid":{"rendered":"http:\/\/www.zonaroja.com.mx\/?p=54369"},"modified":"2023-04-21T16:11:27","modified_gmt":"2023-04-21T21:11:27","slug":"54369","status":"publish","type":"post","link":"https:\/\/zonaroja.com.mx\/?p=54369","title":{"rendered":"Impulsan reconocimiento a qui\u00e9nes promueven las lenguas originarias"},"content":{"rendered":"<p>Redacci\u00f3n\/Territorio Score.<\/p>\n<p>Oaxaca de Ju\u00e1rez, Oax., a 21 de abril de 2023.- Por cuarta ocasi\u00f3n, se convoca a postular a una persona o colectivo para obtener el Premio FAHHO-CaSa Emiliano Cruz que se dirige a quienes, por iniciativa propia y fuera de sus actividades laborales, realicen aportes significativos y originales al uso de las lenguas de sus comunidades.<\/p>\n<p>Durante la inauguraci\u00f3n del Congreso sobre Lenguas Otomangues y Vecinas (COLOV), se present\u00f3 la convocatoria del premio, el cual en su primera edici\u00f3n se otorg\u00f3 a Cipriano Ram\u00edrez Guzm\u00e1n, hablante del ixcateco, idioma en alto peligro de extinci\u00f3n.<\/p>\n<p>En su segunda edici\u00f3n, el ganador fue Roberto G\u00f3mez L\u00f3pez por los aportes realizados al idioma tu&#8217;un savi (mixteco) en las redes sociales y en la tercera edici\u00f3n, la ganadora fue Mar\u00eda de Lourdes Mart\u00ednez G\u00f3mez, doctora, hablante de zapoteco y activista para las lenguas originarias en el contexto del acceso a la salud.<\/p>\n<p>\u00abEstamos muy entusiasmados de continuar colaborando con la Fundaci\u00f3n Alfredo Harp Hel\u00fa Oaxaca en la realizaci\u00f3n del Premio FAHHO-CaSa Emiliano Cruz. Este es un reflejo de nuestro compromiso conjunto en el fortalecimiento de las lenguas mexicanas reconociendo y apoyando a los individuos y colectivos que trabajan incansablemente para mantener viva la diversidad cultural del pa\u00eds\u00bb, dijo Daniel Brena, director del CaSa.<\/p>\n<p>Se puede participar nominando a cualquier persona, hablante de alguna de las lenguas nacionales, que haya demostrado una extraordinaria labor en favor de sus lenguas. El premio consiste en $30,000 (treinta mil pesos) y un reconocimiento.<\/p>\n<p>Las nominaciones deber\u00e1n ser enviadas por parte de terceras personas, organizaciones o autoridades municipales. Si las personas realizan o han realizado actividades remuneradas por parte de alguna instituci\u00f3n para documentar, describir, promocionar o divulgar las lenguas originarias, deber\u00e1 demostrarse que la raz\u00f3n por la que se le nomina, va m\u00e1s all\u00e1 de sus deberes oficiales.<\/p>\n<p>Al nominar a una persona, o colectivo deber\u00e1 enviarse en un archivo PDF la siguiente informaci\u00f3n: datos generales de la persona nominada (nombre completo, direcci\u00f3n, tel\u00e9fono, correo electr\u00f3nico), descripci\u00f3n del trabajo realizado, esto incluye detalles de por qu\u00e9 se debe considerar al candidato, descripci\u00f3n del impacto de su trabajo en las comunidades hablantes, tres referencias de beneficiarios, autoridades municipales o educativas, l\u00edderes comunitarios, y c\u00f3mo se relacionan con su trabajo. Las nominaciones deber\u00e1n enviarse por correo electr\u00f3nico a premioemilianocruz@gmail.com<\/p>\n<p>Este premio se nombra por Emiliano Cruz Santiago, quien, desde los 19 a\u00f1os hasta su muerte repentina a los 29, dedicaba su vida a la documentaci\u00f3n, descripci\u00f3n y promoci\u00f3n de su lengua materna, el d\u00ed&#8217;zd\u00e9h o zapoteco miahuateco.<\/p>\n<p>La convocatoria completa se puede consultar en la p\u00e1gina: www.casa.oaxaca.gob.mx este premio es otorgado por la Fundaci\u00f3n Alfredo Harp Hel\u00fa de Oaxaca a trav\u00e9s de la Biblioteca de Investigaci\u00f3n Juan de C\u00f3rdoba, el Centro de las Artes de San Agust\u00edn y la Asociaci\u00f3n Civil Amigos del Instituto de Artes Gr\u00e1ficas de OAxaca y del Centro Fotogr\u00e1fico Manuel \u00c1lvarez Bravo.<\/p>\n","protected":false},"excerpt":{"rendered":"<p>Redacci\u00f3n\/Territorio Score. Oaxaca de Ju\u00e1rez, Oax., a 21 de abril de 2023.- Por cuarta ocasi\u00f3n,&hellip;<\/p>\n","protected":false},"author":2,"featured_media":54360,"comment_status":"closed","ping_status":"open","sticky":false,"template":"","format":"standard","meta":{"_lmt_disableupdate":"","_lmt_disable":"","_jetpack_memberships_contains_paid_content":false,"footnotes":""},"categories":[109,46],"tags":[1148],"class_list":["post-54369","post","type-post","status-publish","format-standard","has-post-thumbnail","hentry","category-minuto-a-minuto","category-zona-blanca","tag-centro-de-las-artes-san-agustin-casa"],"jetpack_featured_media_url":"https:\/\/zonaroja.com.mx\/wp-content\/uploads\/2023\/04\/PremioEmilianoCruz.jpg","jetpack_sharing_enabled":true,"_links":{"self":[{"href":"https:\/\/zonaroja.com.mx\/index.php?rest_route=\/wp\/v2\/posts\/54369","targetHints":{"allow":["GET"]}}],"collection":[{"href":"https:\/\/zonaroja.com.mx\/index.php?rest_route=\/wp\/v2\/posts"}],"about":[{"href":"https:\/\/zonaroja.com.mx\/index.php?rest_route=\/wp\/v2\/types\/post"}],"author":[{"embeddable":true,"href":"https:\/\/zonaroja.com.mx\/index.php?rest_route=\/wp\/v2\/users\/2"}],"replies":[{"embeddable":true,"href":"https:\/\/zonaroja.com.mx\/index.php?rest_route=%2Fwp%2Fv2%2Fcomments&post=54369"}],"version-history":[{"count":2,"href":"https:\/\/zonaroja.com.mx\/index.php?rest_route=\/wp\/v2\/posts\/54369\/revisions"}],"predecessor-version":[{"id":54391,"href":"https:\/\/zonaroja.com.mx\/index.php?rest_route=\/wp\/v2\/posts\/54369\/revisions\/54391"}],"wp:featuredmedia":[{"embeddable":true,"href":"https:\/\/zonaroja.com.mx\/index.php?rest_route=\/wp\/v2\/media\/54360"}],"wp:attachment":[{"href":"https:\/\/zonaroja.com.mx\/index.php?rest_route=%2Fwp%2Fv2%2Fmedia&parent=54369"}],"wp:term":[{"taxonomy":"category","embeddable":true,"href":"https:\/\/zonaroja.com.mx\/index.php?rest_route=%2Fwp%2Fv2%2Fcategories&post=54369"},{"taxonomy":"post_tag","embeddable":true,"href":"https:\/\/zonaroja.com.mx\/index.php?rest_route=%2Fwp%2Fv2%2Ftags&post=54369"}],"curies":[{"name":"wp","href":"https:\/\/api.w.org\/{rel}","templated":true}]}}