{"id":54373,"date":"2023-04-21T10:44:11","date_gmt":"2023-04-21T15:44:11","guid":{"rendered":"http:\/\/www.zonaroja.com.mx\/?p=54373"},"modified":"2023-04-21T13:36:03","modified_gmt":"2023-04-21T18:36:03","slug":"54373","status":"publish","type":"post","link":"https:\/\/zonaroja.com.mx\/?p=54373","title":{"rendered":"Reporta Congreso balance positivo en primer periodo de segundo a\u00f1o de ejercicio"},"content":{"rendered":"<p>Redacci\u00f3n\/Zona Roja.<\/p>\n<p>Oaxaca, Oax., a 20 de abril de 2023 .- Con la aprobaci\u00f3n de m\u00e1s de 900 resoluciones entre decretos y acuerdos, la 65 Legislatura local clausur\u00f3 el pasado viernes, el primer periodo del segundo a\u00f1o legislativo.<\/p>\n<p>Frente a los integrantes de las diversas fracciones parlamentarias, la presidenta de la Mesa Directiva de la LXV Legislatura local Miriam de los \u00c1ngeles V\u00e1zquez Ruiz inform\u00f3 que se atendieron mil 087 asuntos parlamentarios.<\/p>\n<p>La legisladora petista expuso que en dicho periodo de tiempo se efectuaron&nbsp;23 sesiones ordinarias, 20 sesiones extraordinarias y&nbsp;seis sesiones solemnes, en las cuales se&nbsp; atendieron iniciativas, exhortos y leyes de ingresos municipales.<\/p>\n<p>En su mensaje en la m\u00e1s alta tribuna del estado, plante\u00f3 que la 65 Legislatura local se encuentra t\u00e9cnicamente a la mitad del camino de la vida pol\u00edtica del Congreso, y ello, los obliga a hacer una evaluaci\u00f3n del trabajo que dicha soberan\u00eda ha empe\u00f1ado y de los pendientes que tienen con la ciudadan\u00eda.<\/p>\n<p>En este tenor, V\u00e1zquez Ruiz se dijo comprometida a redoblar esfuerzos para cumplirle a las y los oaxaque\u00f1os y por ello envi\u00f3 un&nbsp;mensaje a las mujeres al sostener que al ser la Legislatura de la paridad, la agenda de g\u00e9nero es una de las prioridades legislativas en la cual ya hay avances necesarios pero no suficientes.<\/p>\n<p>Recalc\u00f3 que parte del trabajo que se ha desarrollado ha sido bajo el contexto de la transici\u00f3n democr\u00e1tica, toda vez que&nbsp; Oaxaca est\u00e1 en un proceso de cambio y la LXV Legislatura es parte fundamental de esa transformaci\u00f3n que requiere un gobierno que est\u00e1 llamado a hacer historia, por eso no han regateado su apoyo.<\/p>\n<p>\u201cHoy, despu\u00e9s de este primer periodo creemos que su balance es significativo para el ejercicio del poder y de la vida p\u00fablica, ya que por unanimidad aprobamos la Ley de Austeridad Republicana y la Ley de Revocaci\u00f3n del Mandato para el Estado de Oaxaca, enviadas por el ejecutivo\u201d, celebr\u00f3 de cara a los integrantes del Poder Legislativo.<\/p>\n<p>La parlamentaria sostuvo que para sumarse a este ejercicio de un buen gobierno han iniciado un di\u00e1logo con distintas dependencias y actores gubernamentales para decirles que el Congreso vigila de forma continua el cumplimiento de sus obligaciones y tambi\u00e9n para acompa\u00f1ar sus demandas desde el \u00e1mbito de sus responsabilidades.<\/p>\n<p>De igual forma, destac\u00f3 que el trabajo legislativo desarrollado al cierre de este primer periodo ha sido bajo nuevas formas y valores a las que est\u00e1n obligados a&nbsp;cambiar para responder a la confianza&nbsp;de la ciudadan\u00eda. Por ello, hoy la nueva normalidad es cero moches y cero dispendio y erradicaci\u00f3n de todas aquellas&nbsp;pr\u00e1cticas que le restan legitimidad a un poder que est\u00e1&nbsp;llamado a ser un activo indispensable para reformar la vida&nbsp;democr\u00e1tica del Estado.<\/p>\n<p>La diputada local tambi\u00e9n record\u00f3 que el voto brindado hacia los nombramientos de quienes hoy tienen la responsabilidad de la transparencia, procuraci\u00f3n de justicia, derechos humanos, y fiscalizaci\u00f3n en el estado, no se debe confundir con un cheque en blanco, sino como una concesi\u00f3n que est\u00e1 sujeta a un control parlamentario cuando los encargados no cumplan con su encomienda.<\/p>\n<p>Al finalizar su intervenci\u00f3n, agradeci\u00f3 a las y los integrantes de las distintas bancadas en la LXV Legislatura por refrendar la priorizaci\u00f3n de acuerdos para que a Oaxaca le vaya bien y por respaldar el trabajo legislativo con sensibilidad social a favor de las y los oaxaque\u00f1os m\u00e1s vulnerables.<\/p>\n","protected":false},"excerpt":{"rendered":"<p>Redacci\u00f3n\/Zona Roja. Oaxaca, Oax., a 20 de abril de 2023 .- Con la aprobaci\u00f3n de&hellip;<\/p>\n","protected":false},"author":2,"featured_media":52001,"comment_status":"closed","ping_status":"open","sticky":false,"template":"","format":"standard","meta":{"_lmt_disableupdate":"","_lmt_disable":"","_jetpack_memberships_contains_paid_content":false,"footnotes":""},"categories":[109,46],"tags":[2743],"class_list":["post-54373","post","type-post","status-publish","format-standard","has-post-thumbnail","hentry","category-minuto-a-minuto","category-zona-blanca","tag-65-legislatura-del-estado-de-oaxaca"],"jetpack_featured_media_url":"https:\/\/zonaroja.com.mx\/wp-content\/uploads\/2023\/02\/Sesion-Congreso-de-Oaxaca.jpg","jetpack_sharing_enabled":true,"_links":{"self":[{"href":"https:\/\/zonaroja.com.mx\/index.php?rest_route=\/wp\/v2\/posts\/54373","targetHints":{"allow":["GET"]}}],"collection":[{"href":"https:\/\/zonaroja.com.mx\/index.php?rest_route=\/wp\/v2\/posts"}],"about":[{"href":"https:\/\/zonaroja.com.mx\/index.php?rest_route=\/wp\/v2\/types\/post"}],"author":[{"embeddable":true,"href":"https:\/\/zonaroja.com.mx\/index.php?rest_route=\/wp\/v2\/users\/2"}],"replies":[{"embeddable":true,"href":"https:\/\/zonaroja.com.mx\/index.php?rest_route=%2Fwp%2Fv2%2Fcomments&post=54373"}],"version-history":[{"count":2,"href":"https:\/\/zonaroja.com.mx\/index.php?rest_route=\/wp\/v2\/posts\/54373\/revisions"}],"predecessor-version":[{"id":54386,"href":"https:\/\/zonaroja.com.mx\/index.php?rest_route=\/wp\/v2\/posts\/54373\/revisions\/54386"}],"wp:featuredmedia":[{"embeddable":true,"href":"https:\/\/zonaroja.com.mx\/index.php?rest_route=\/wp\/v2\/media\/52001"}],"wp:attachment":[{"href":"https:\/\/zonaroja.com.mx\/index.php?rest_route=%2Fwp%2Fv2%2Fmedia&parent=54373"}],"wp:term":[{"taxonomy":"category","embeddable":true,"href":"https:\/\/zonaroja.com.mx\/index.php?rest_route=%2Fwp%2Fv2%2Fcategories&post=54373"},{"taxonomy":"post_tag","embeddable":true,"href":"https:\/\/zonaroja.com.mx\/index.php?rest_route=%2Fwp%2Fv2%2Ftags&post=54373"}],"curies":[{"name":"wp","href":"https:\/\/api.w.org\/{rel}","templated":true}]}}