{"id":54375,"date":"2023-04-21T09:51:39","date_gmt":"2023-04-21T14:51:39","guid":{"rendered":"http:\/\/www.zonaroja.com.mx\/?p=54375"},"modified":"2023-04-21T10:34:30","modified_gmt":"2023-04-21T15:34:30","slug":"54375","status":"publish","type":"post","link":"https:\/\/zonaroja.com.mx\/?p=54375","title":{"rendered":"Un hospital para Tuxtepec, Oaxaca, con la venta del avi\u00f3n presidencial"},"content":{"rendered":"<p>Redacci\u00f3n\/Zona Roja.<\/p>\n<p>Ciudad de M\u00e9xico, 21 de abril de 2023.- Parte de los recursos que se obtuvieron con la venta del avi\u00f3n presidencial, se construir\u00e1n dos hospitales en zonas marginadas de Oaxaca y Guerrero, inform\u00f3 el Presidente Andr\u00e9s Manuel L\u00f3pez Obrador.<\/p>\n<p>\u201cDespu\u00e9s de mucho tiempo se logr\u00f3 vender este avi\u00f3n\u201d,&nbsp;dijo ayer, al anunciar&nbsp;que se concret\u00f3&nbsp;la transacci\u00f3n por la venta del avi\u00f3n presidencial&nbsp;a la&nbsp;Rep\u00fablica de Tayikist\u00e1n, ubicado en Asia Central.<\/p>\n<p>\u201cVamos a usar el dinero de la venta de este avi\u00f3n para construir dos hospitales, cada uno de 80 camas, en las zonas m\u00e1s pobres de M\u00e9xico: en Tlapa, Guerrero, y en Tuxtepec, Oaxaca\u201d, expuso.<\/p>\n<p>A bordo de la aeronave,&nbsp;dijo&nbsp;que la pr\u00f3xima semana se ofrecer\u00e1n m\u00e1s detalles de la&nbsp;venta,&nbsp;y&nbsp;record\u00f3 que el Boeing 787 fue adquirido por el gobierno federal durante la administraci\u00f3n de Felipe Calder\u00f3n, siendo Enrique Pe\u00f1a presidente electo, por lo que se informar\u00e1 sobre la poca utilidad de la aeronave y el alto costo de su mantenimiento,&nbsp;lo que contradice la austeridad republicana y lo dicho por Benito Ju\u00e1rez:&nbsp;no puede haber gobierno rico con pueblo pobre.<\/p>\n<p>\u201cYa nos quitamos este pendiente, porque vaya que nos cost\u00f3 encontrar un cliente.&nbsp;Y pues estamos contentos, estamos como los nuevos ricos, que compran un yate o un avi\u00f3n como este, y son felices s\u00f3lo el d\u00eda que lo estrenan y el d\u00eda que lo venden\u201d, afirm\u00f3 en su mensaje.<\/p>\n<p>El director general del Banco Nacional de Obras y Servicios P\u00fablicos (Banobras), Jorge Mendoza S\u00e1nchez, explic\u00f3 que ayer se concret\u00f3 la venta del avi\u00f3n presidencial por mil 659 millones de pesos, equivalentes a 92 millones de d\u00f3lares, monto que cumple con el aval\u00fao realizado por el&nbsp;Instituto de Administraci\u00f3n y Aval\u00faos de Bienes Nacionales&nbsp;(Indaabin).<\/p>\n<p>A\u00f1adi\u00f3 que las autoridades mexicanas efectuaron la operaci\u00f3n con el&nbsp;Comit\u00e9 Estatal de Inversiones y Administraci\u00f3n de Propiedades&nbsp;de la&nbsp;Rep\u00fablica de Tayikist\u00e1n,&nbsp;cuyos integrantes&nbsp;se encuentran en nuestro pa\u00eds y&nbsp;disponen de10 d\u00edas para llevarse la aeronave.<\/p>\n<p>\u201cLa transacci\u00f3n est\u00e1 cerrada, ya recibimos los recursos en su totalidad; se encuentran en la cuenta del Instituto para Devolver al Pueblo lo Robado, entonces esto ya es un hecho.\u201d<\/p>\n<p>Dijo que el monto se devolver\u00e1 a la Tesorer\u00eda de la Federaci\u00f3n para aplicarse en los proyectos del sector Salud mencionados por el presidente, y destac\u00f3 que el gobierno federal ahorrar\u00e1 332 millones de pesos por intereses que&nbsp;se liquidan a&nbsp;Banobras.<\/p>\n<p>Tambi\u00e9n acompa\u00f1aron al presidente: el secretario de la Defensa Nacional, Luis Cresencio Sandoval Gonz\u00e1lez; y&nbsp;director general del Instituto para Devolver al Pueblo loRobado&nbsp;(Indep),&nbsp;Ernesto Prieto Ortega.<span class=\"Apple-converted-space\">&nbsp;<\/span><\/p>\n","protected":false},"excerpt":{"rendered":"<p>Redacci\u00f3n\/Zona Roja. Ciudad de M\u00e9xico, 21 de abril de 2023.- Parte de los recursos que&hellip;<\/p>\n","protected":false},"author":2,"featured_media":54356,"comment_status":"closed","ping_status":"open","sticky":false,"template":"","format":"standard","meta":{"_lmt_disableupdate":"","_lmt_disable":"","_jetpack_memberships_contains_paid_content":false,"footnotes":""},"categories":[109,46],"tags":[143],"class_list":["post-54375","post","type-post","status-publish","format-standard","has-post-thumbnail","hentry","category-minuto-a-minuto","category-zona-blanca","tag-andres-manuel-lopez-obrador"],"jetpack_featured_media_url":"https:\/\/zonaroja.com.mx\/wp-content\/uploads\/2023\/04\/Avion-presidencial-anuncia-Obrador.jpeg","jetpack_sharing_enabled":true,"_links":{"self":[{"href":"https:\/\/zonaroja.com.mx\/index.php?rest_route=\/wp\/v2\/posts\/54375","targetHints":{"allow":["GET"]}}],"collection":[{"href":"https:\/\/zonaroja.com.mx\/index.php?rest_route=\/wp\/v2\/posts"}],"about":[{"href":"https:\/\/zonaroja.com.mx\/index.php?rest_route=\/wp\/v2\/types\/post"}],"author":[{"embeddable":true,"href":"https:\/\/zonaroja.com.mx\/index.php?rest_route=\/wp\/v2\/users\/2"}],"replies":[{"embeddable":true,"href":"https:\/\/zonaroja.com.mx\/index.php?rest_route=%2Fwp%2Fv2%2Fcomments&post=54375"}],"version-history":[{"count":2,"href":"https:\/\/zonaroja.com.mx\/index.php?rest_route=\/wp\/v2\/posts\/54375\/revisions"}],"predecessor-version":[{"id":54384,"href":"https:\/\/zonaroja.com.mx\/index.php?rest_route=\/wp\/v2\/posts\/54375\/revisions\/54384"}],"wp:featuredmedia":[{"embeddable":true,"href":"https:\/\/zonaroja.com.mx\/index.php?rest_route=\/wp\/v2\/media\/54356"}],"wp:attachment":[{"href":"https:\/\/zonaroja.com.mx\/index.php?rest_route=%2Fwp%2Fv2%2Fmedia&parent=54375"}],"wp:term":[{"taxonomy":"category","embeddable":true,"href":"https:\/\/zonaroja.com.mx\/index.php?rest_route=%2Fwp%2Fv2%2Fcategories&post=54375"},{"taxonomy":"post_tag","embeddable":true,"href":"https:\/\/zonaroja.com.mx\/index.php?rest_route=%2Fwp%2Fv2%2Ftags&post=54375"}],"curies":[{"name":"wp","href":"https:\/\/api.w.org\/{rel}","templated":true}]}}