{"id":54388,"date":"2023-04-21T14:45:03","date_gmt":"2023-04-21T19:45:03","guid":{"rendered":"http:\/\/www.zonaroja.com.mx\/?p=54388"},"modified":"2023-04-21T14:46:45","modified_gmt":"2023-04-21T19:46:45","slug":"logra-santiago-atitlan-acuerdo-de-paz-y-reconstruccion-de-tejido-social-entre-sus-comunidades","status":"publish","type":"post","link":"https:\/\/zonaroja.com.mx\/?p=54388","title":{"rendered":"Logra Santiago Atitl\u00e1n acuerdo de paz y reconstrucci\u00f3n de tejido social entre sus comunidades"},"content":{"rendered":"\n<p>Yuridiana Sosa\/Zona Roja.<\/p>\n\n\n\n<p>Oaxaca de Ju\u00e1rez, Oax., a 21 de abril de 2023.-En asamblea comunitaria, la poblaci\u00f3n de Santiago Atitl\u00e1n, Mixe, logr\u00f3 un \u201cAcuerdo de paz, la reconstituci\u00f3n de los tejidos comunitarios, la gobernabilidad y la reconciliaci\u00f3n\u201d con el que pone fin a los problemas entre sus habitantes por conflictos postelectorales de a\u00f1os anteriores.<\/p>\n\n\n\n<p>En la asamblea participaron las autoridades comunitarias encabezadas por el presidente Mario Mart\u00ednez Gonz\u00e1lez y los representantes de las localidades de Santa Cruz, Linda Vista Molino y \u00c1lamos, as\u00ed como representantes del gobierno del estado, organismos aut\u00f3nomos y asociaciones civiles.<\/p>\n\n\n\n<p>Las comunidades acordaron que con esta firma, de nueve puntos, se culmina el conflicto social y comunitario que ha vivido durante los \u00faltimos a\u00f1os por conflictos postelectorales y se reconoce a la asamblea comunitaria como el \u00f3rgano m\u00e1ximo de toma de decisiones y el espacio leg\u00edtimo donde se debe resolver cualquier problema que surja en Santiago Atitl\u00e1n.<\/p>\n\n\n\n<p>Ratificaron los ratifican los di\u00e1logos y acuerdos de paz y la reconciliaci\u00f3n que han celebrado en sus localidades para generar la reconstituci\u00f3n del tejido y la gobernabilidad de ese municipio.<\/p>\n\n\n\n<p>Los asamble\u00edstas solicitaron a la Defensor\u00eda de los Derechos Humanos del Pueblo de Oaxaca cerrar las carpetas de antecedentes quejas o medida cautelar que haya comenzado derivados del conflicto social y comunitario, as\u00ed como a la Fiscal\u00eda General del Estado el archivo de las carpetas de investigaci\u00f3n o ejercicio de la acci\u00f3n no penal que haya comenzado derivado del conflicto social, toda vez que las partes del conflicto han manifestado el otorgamiento del perd\u00f3n y la reconciliaci\u00f3n.<\/p>\n\n\n\n<p>As\u00ed tambi\u00e9n, demandaron a la Fiscal\u00eda de Oaxaca Tambi\u00e9n que junto con la Secretar\u00eda de Gobierno y la autoridad comunitaria coordinen sus esfuerzos para que se castigue a los responsables de los desv\u00edos de recursos por parte de los administradores pasados, de lo que existe una denuncia penal o personas de la comunidad implicados en complicidad del desv\u00edo.<\/p>\n\n\n\n<p>Sobre la entrega de recursos faltantes, las comunidades acordaron la instalaci\u00f3n de la pr\u00f3xima asamblea comunitaria para que el Comisionado Municipal, Fernando Molina Alc\u00e1ntara, se presente en la comunidad para que asigne la distribuci\u00f3n justa y equitativa de los recursos municipales que no se han entregado a las comunidades El Potrero, Molino Santa Cruz, Linda Vista, entre otras, conforme a lo establecido en la Ley de Coordinaci\u00f3n Fiscal en su art\u00edculo 24, Fracci\u00f3n I.<\/p>\n\n\n\n<p>Referente a lo electoral, convinieron en convocar a la Direcci\u00f3n de Sistemas Normativos para una mesa de trabajo con las autoridades y agencias que integran el municipio de Santiago Atitl\u00e1n para la revisi\u00f3n de los criterios para una nueva elecci\u00f3n e integraci\u00f3n del Consejo Municipal electoral.<\/p>\n\n\n\n<p>Para sellar la conclusi\u00f3n del problema, la asamblea demand\u00f3 una audiencia con el gobernador del estado, Salom\u00f3n Jara, para plantear la actitud del comisionado municipal y el tema de la elecci\u00f3n municipal constitucional.<\/p>\n\n\n\n<p>En la firma particip\u00f3 el subcoordinador General de Delegados de Paz Social, Sa\u00fal Tablada Gailindo, la coordinadora de Vinculaci\u00f3n Municipal, Zurisaday Ram\u00edrez Ruiz; as\u00ed como representantes de la DDHPO y organizaciones de la sociedad civil defensora de los derechos humanos.<\/p>\n","protected":false},"excerpt":{"rendered":"<p>Yuridiana Sosa\/Zona Roja. Oaxaca de Ju\u00e1rez, Oax., a 21 de abril de 2023.-En asamblea comunitaria,&hellip;<\/p>\n","protected":false},"author":2,"featured_media":54354,"comment_status":"closed","ping_status":"open","sticky":false,"template":"","format":"standard","meta":{"_lmt_disableupdate":"","_lmt_disable":"","_jetpack_memberships_contains_paid_content":false,"footnotes":""},"categories":[109,46],"tags":[2233],"class_list":["post-54388","post","type-post","status-publish","format-standard","has-post-thumbnail","hentry","category-minuto-a-minuto","category-zona-blanca","tag-santiago-atitlan"],"jetpack_featured_media_url":"https:\/\/zonaroja.com.mx\/wp-content\/uploads\/2023\/04\/Asamblea-Santiago-Atitlan.jpg","jetpack_sharing_enabled":true,"_links":{"self":[{"href":"https:\/\/zonaroja.com.mx\/index.php?rest_route=\/wp\/v2\/posts\/54388","targetHints":{"allow":["GET"]}}],"collection":[{"href":"https:\/\/zonaroja.com.mx\/index.php?rest_route=\/wp\/v2\/posts"}],"about":[{"href":"https:\/\/zonaroja.com.mx\/index.php?rest_route=\/wp\/v2\/types\/post"}],"author":[{"embeddable":true,"href":"https:\/\/zonaroja.com.mx\/index.php?rest_route=\/wp\/v2\/users\/2"}],"replies":[{"embeddable":true,"href":"https:\/\/zonaroja.com.mx\/index.php?rest_route=%2Fwp%2Fv2%2Fcomments&post=54388"}],"version-history":[{"count":1,"href":"https:\/\/zonaroja.com.mx\/index.php?rest_route=\/wp\/v2\/posts\/54388\/revisions"}],"predecessor-version":[{"id":54389,"href":"https:\/\/zonaroja.com.mx\/index.php?rest_route=\/wp\/v2\/posts\/54388\/revisions\/54389"}],"wp:featuredmedia":[{"embeddable":true,"href":"https:\/\/zonaroja.com.mx\/index.php?rest_route=\/wp\/v2\/media\/54354"}],"wp:attachment":[{"href":"https:\/\/zonaroja.com.mx\/index.php?rest_route=%2Fwp%2Fv2%2Fmedia&parent=54388"}],"wp:term":[{"taxonomy":"category","embeddable":true,"href":"https:\/\/zonaroja.com.mx\/index.php?rest_route=%2Fwp%2Fv2%2Fcategories&post=54388"},{"taxonomy":"post_tag","embeddable":true,"href":"https:\/\/zonaroja.com.mx\/index.php?rest_route=%2Fwp%2Fv2%2Ftags&post=54388"}],"curies":[{"name":"wp","href":"https:\/\/api.w.org\/{rel}","templated":true}]}}