{"id":5439,"date":"2019-11-05T07:57:46","date_gmt":"2019-11-05T13:57:46","guid":{"rendered":"http:\/\/www.zonaroja.com.mx\/?p=5439"},"modified":"2019-11-05T07:57:48","modified_gmt":"2019-11-05T13:57:48","slug":"se-agrava-inseguridad-en-istmo-un-muerto-asalto-quema-de-oficina","status":"publish","type":"post","link":"https:\/\/zonaroja.com.mx\/?p=5439","title":{"rendered":"Se agrava inseguridad en Istmo; un muerto, asalto, quema de oficina"},"content":{"rendered":"\n<p>Redacci\u00f3n\/Zona\nRoja.<\/p>\n\n\n\n<p>Oaxaca de\nJu\u00e1rez, Oax., 5 de noviembre de 2019.- La violencia se intensific\u00f3 ayer y el\nfin de semana en la regi\u00f3n del Istmo de Tehuantepec, con una persona asesinada,\nun asalto cuantioso a un comerciante y el incendio de oficinas de una\norganizaci\u00f3n social.<\/p>\n\n\n\n<p>Este lunes\nen el municipio de Santa Mar\u00eda Xadani, regi\u00f3n del Istmo, fue asesinado a golpes\nun individuo identificado como Jos\u00e9 A. Z. A.; presenta golpes en la cabeza,\ncausadas por bloques de cemento.<\/p>\n\n\n\n<p>El cuerpo\nfue localizado la madrugada de ayer en un domicilio ubicado en la avenida\nRufino Tamayo esquina calle Ignacio Allende, en la Segunda Secci\u00f3n; hasta el\nmomento no hay personas detenidas.<\/p>\n\n\n\n<p>Mientras\ntanto en Santo Domingo Tehuantepec, se report\u00f3 el asalto a un comerciante con\nun bot\u00edn aproximado de 300 mil pesos.<\/p>\n\n\n\n<p>Seg\u00fan denunci\u00f3\nMiguel \u00c1ngel N., el hecho se registr\u00f3 alrededor de las 16:00 horas en la\nesquina de la avenida Ju\u00e1rez y calle Baja California Norte, en la colonia\nBenito Ju\u00e1rez. Pese a la b\u00fasqueda implementada por corporaciones policiacas, no\nhubo detenidos.<\/p>\n\n\n\n<p>Por otra\nparte, ayer, la organizaci\u00f3n defensora de mujeres y de derechos humanos \u201cSimona\nRobles\u201d, denunci\u00f3 que el pasado 29 de octubre, personas no identificadas\nquemaron las oficinas de la agrupaci\u00f3n y hasta el momento no hay personas\ndetenidas.<\/p>\n\n\n\n<p>La\ndirigente, Rogelia Gonz\u00e1lez Luis, inform\u00f3 que quemaron equipo de c\u00f3mputo y\ndocumentos, por lo que exigi\u00f3 a las autoridades investigar.<\/p>\n","protected":false},"excerpt":{"rendered":"<p>Redacci\u00f3n\/Zona Roja. Oaxaca de Ju\u00e1rez, Oax., 5 de noviembre de 2019.- La violencia se intensific\u00f3&hellip;<\/p>\n","protected":false},"author":2,"featured_media":5440,"comment_status":"closed","ping_status":"open","sticky":false,"template":"","format":"standard","meta":{"_lmt_disableupdate":"","_lmt_disable":"","_jetpack_memberships_contains_paid_content":false,"footnotes":""},"categories":[109,51],"tags":[962],"class_list":["post-5439","post","type-post","status-publish","format-standard","has-post-thumbnail","hentry","category-minuto-a-minuto","category-zona-roja","tag-violencia-istmo-oaxaca"],"jetpack_featured_media_url":"https:\/\/zonaroja.com.mx\/wp-content\/uploads\/2019\/11\/queman-oficinas.jpg","jetpack_sharing_enabled":true,"_links":{"self":[{"href":"https:\/\/zonaroja.com.mx\/index.php?rest_route=\/wp\/v2\/posts\/5439","targetHints":{"allow":["GET"]}}],"collection":[{"href":"https:\/\/zonaroja.com.mx\/index.php?rest_route=\/wp\/v2\/posts"}],"about":[{"href":"https:\/\/zonaroja.com.mx\/index.php?rest_route=\/wp\/v2\/types\/post"}],"author":[{"embeddable":true,"href":"https:\/\/zonaroja.com.mx\/index.php?rest_route=\/wp\/v2\/users\/2"}],"replies":[{"embeddable":true,"href":"https:\/\/zonaroja.com.mx\/index.php?rest_route=%2Fwp%2Fv2%2Fcomments&post=5439"}],"version-history":[{"count":1,"href":"https:\/\/zonaroja.com.mx\/index.php?rest_route=\/wp\/v2\/posts\/5439\/revisions"}],"predecessor-version":[{"id":5441,"href":"https:\/\/zonaroja.com.mx\/index.php?rest_route=\/wp\/v2\/posts\/5439\/revisions\/5441"}],"wp:featuredmedia":[{"embeddable":true,"href":"https:\/\/zonaroja.com.mx\/index.php?rest_route=\/wp\/v2\/media\/5440"}],"wp:attachment":[{"href":"https:\/\/zonaroja.com.mx\/index.php?rest_route=%2Fwp%2Fv2%2Fmedia&parent=5439"}],"wp:term":[{"taxonomy":"category","embeddable":true,"href":"https:\/\/zonaroja.com.mx\/index.php?rest_route=%2Fwp%2Fv2%2Fcategories&post=5439"},{"taxonomy":"post_tag","embeddable":true,"href":"https:\/\/zonaroja.com.mx\/index.php?rest_route=%2Fwp%2Fv2%2Ftags&post=5439"}],"curies":[{"name":"wp","href":"https:\/\/api.w.org\/{rel}","templated":true}]}}