{"id":54397,"date":"2023-04-21T21:30:49","date_gmt":"2023-04-22T02:30:49","guid":{"rendered":"http:\/\/www.zonaroja.com.mx\/?p=54397"},"modified":"2023-04-21T22:45:30","modified_gmt":"2023-04-22T03:45:30","slug":"54397","status":"publish","type":"post","link":"https:\/\/zonaroja.com.mx\/?p=54397","title":{"rendered":"Caso Keyla: apelar\u00e1 Fiscal\u00eda de Oaxaca decisi\u00f3n de juez de reclasificar delito"},"content":{"rendered":"<p>Redacci\u00f3n\/Zona Roja.<\/p>\n<p>Oaxaca de Ju\u00e1rez, Oax., a 21 de abril de 2023.- Tras la determinaci\u00f3n de un juez del Poder Judicial del Estado, de reclasificar el delito por el caso de Keyla A. M. D., la Fiscal\u00eda General del Estado de Oaxaca inform\u00f3 que presentar\u00e1 una apelaci\u00f3n.<\/p>\n<p>Y es que el juzgador consider\u00f3 que, a pesar de que la joven originaria de Santa Cruz Xoxocotl\u00e1n fue rociada con thiner por su pareja, Carlos M. C., y despu\u00e9s le prendi\u00f3 fuego, no ten\u00eda intenciones de quitarle la vida y le reclasific\u00f3 el delito por \u201calteraciones a la salud por raz\u00f3n de g\u00e9nero\u201d, en lugar de feminicidio agravado en grado de tentativa.<\/p>\n<p>En un comunicado, la Fiscal\u00eda inform\u00f3 que en audiencia, obtuvo vinculaci\u00f3n y prisi\u00f3n preventiva contra la persona del sexo masculino Carlos M. C., no obstante, el delito fue reclasificado por el juez, por lo que la instituci\u00f3n encargada de procurar justicia apelar\u00e1 el dictamen.<\/p>\n<p>Los hechos ocurrieron la madrugada del 15 de abril de 2023, en un domicilio particular localizado en la colonia Reforma Agraria, donde una mujer identificada como Keyla A. M. D. fue v\u00edctima de una agresi\u00f3n con una sustancia inflamable y luego le prendieron fuego, por lo que sufri\u00f3 quemaduras en diferentes partes del cuerpo.<\/p>\n<p>Personas que escucharon a la v\u00edctima que ped\u00eda ayuda, retuvieron al imputado hasta la llegada de elementos de la Polic\u00eda Municipal de Xoxocotl\u00e1n, quienes realizaron la detenci\u00f3n y posteriormente lo pusieron a disposici\u00f3n de la FGEO.<\/p>\n<p>Tras la detenci\u00f3n del imputado bajo el supuesto de flagrancia, la Fiscal\u00eda Especializada para la Atenci\u00f3n a Delitos contra la Mujer por Raz\u00f3n de G\u00e9nero, lo present\u00f3 ante el Juez que atiende la causa, quien dict\u00f3 auto de vinculaci\u00f3n a proceso e impuso prisi\u00f3n preventiva, adem\u00e1s que otorg\u00f3 tres meses para el cierre de la investigaci\u00f3n.<\/p>\n<p>Derivado de la gravedad de las lesiones presentadas por la mujer, la FGEO llev\u00f3 a cabo conjuntamente con los Servicios de Salud de Oaxaca y el Gobierno del Estado, las gestiones pertinentes para que la v\u00edctima fuera trasladada este jueves 20 de abril, a un hospital especializado para su atenci\u00f3n m\u00e9dica.<\/p>\n<p>\u201cLas agresiones en contra de las mujeres por raz\u00f3n de g\u00e9nero son parte de la agenda prioritaria de la Fiscal\u00eda General del Estado de Oaxaca, por lo que un equipo especializado en la materia realiza las investigaciones en torno a los casos para permitir que las v\u00edctimas directas e indirectas tenga acceso pleno a la justicia, adem\u00e1s de que, en caso de ser necesario, se recurrir\u00e1 a apelaciones\u201d, indic\u00f3 la Fiscal\u00eda.<\/p>\n","protected":false},"excerpt":{"rendered":"<p>Redacci\u00f3n\/Zona Roja. Oaxaca de Ju\u00e1rez, Oax., a 21 de abril de 2023.- Tras la determinaci\u00f3n&hellip;<\/p>\n","protected":false},"author":2,"featured_media":54398,"comment_status":"closed","ping_status":"open","sticky":false,"template":"","format":"standard","meta":{"_lmt_disableupdate":"","_lmt_disable":"","_jetpack_memberships_contains_paid_content":false,"footnotes":""},"categories":[109,47],"tags":[494,133],"class_list":["post-54397","post","type-post","status-publish","format-standard","has-post-thumbnail","hentry","category-minuto-a-minuto","category-zona-gris","tag-fiscalia-general-del-estado-de-oaxaca","tag-santa-cruz-xoxocotlan"],"jetpack_featured_media_url":"https:\/\/zonaroja.com.mx\/wp-content\/uploads\/2023\/04\/Carlos-M.-C.-caso-Keyla-Xoxocotlan.png","jetpack_sharing_enabled":true,"_links":{"self":[{"href":"https:\/\/zonaroja.com.mx\/index.php?rest_route=\/wp\/v2\/posts\/54397","targetHints":{"allow":["GET"]}}],"collection":[{"href":"https:\/\/zonaroja.com.mx\/index.php?rest_route=\/wp\/v2\/posts"}],"about":[{"href":"https:\/\/zonaroja.com.mx\/index.php?rest_route=\/wp\/v2\/types\/post"}],"author":[{"embeddable":true,"href":"https:\/\/zonaroja.com.mx\/index.php?rest_route=\/wp\/v2\/users\/2"}],"replies":[{"embeddable":true,"href":"https:\/\/zonaroja.com.mx\/index.php?rest_route=%2Fwp%2Fv2%2Fcomments&post=54397"}],"version-history":[{"count":2,"href":"https:\/\/zonaroja.com.mx\/index.php?rest_route=\/wp\/v2\/posts\/54397\/revisions"}],"predecessor-version":[{"id":54400,"href":"https:\/\/zonaroja.com.mx\/index.php?rest_route=\/wp\/v2\/posts\/54397\/revisions\/54400"}],"wp:featuredmedia":[{"embeddable":true,"href":"https:\/\/zonaroja.com.mx\/index.php?rest_route=\/wp\/v2\/media\/54398"}],"wp:attachment":[{"href":"https:\/\/zonaroja.com.mx\/index.php?rest_route=%2Fwp%2Fv2%2Fmedia&parent=54397"}],"wp:term":[{"taxonomy":"category","embeddable":true,"href":"https:\/\/zonaroja.com.mx\/index.php?rest_route=%2Fwp%2Fv2%2Fcategories&post=54397"},{"taxonomy":"post_tag","embeddable":true,"href":"https:\/\/zonaroja.com.mx\/index.php?rest_route=%2Fwp%2Fv2%2Ftags&post=54397"}],"curies":[{"name":"wp","href":"https:\/\/api.w.org\/{rel}","templated":true}]}}