{"id":54405,"date":"2023-04-22T14:00:00","date_gmt":"2023-04-22T19:00:00","guid":{"rendered":"http:\/\/www.zonaroja.com.mx\/?p=54405"},"modified":"2023-04-22T12:34:47","modified_gmt":"2023-04-22T17:34:47","slug":"54405","status":"publish","type":"post","link":"https:\/\/zonaroja.com.mx\/?p=54405","title":{"rendered":"Enfrentamientos en Sud\u00e1n dejan 413 muertos y 3,551 heridos, en una semana"},"content":{"rendered":"<p>Redacci\u00f3n\/Zona Roja Cdmx.<\/p>\n<p>Ciudad de M\u00e9xico, a 22 de abril de 2023.- Al menos 413 personas han muerto y 3.551 han resultado heridas en Sud\u00e1n desde el estallido del conflicto entre el ej\u00e9rcito de ese pa\u00eds y el grupo paramilitar Fuerzas de Apoyo R\u00e1pido (FAR), inform\u00f3 una portavoz de la Organizaci\u00f3n Mundial de la Salud (OMS) en rueda de prensa en Ginebra.<\/p>\n<p>La OMS ya advirti\u00f3 el jueves, por boca de su director general, Tedros Adhanom Ghebreyesus, que se han reportado varios ataques a instalaciones sanitarias, algunas ocupadas por combatientes, careciendo muchas de ellas de acceso a electricidad, alimentos, agua y suministros m\u00e9dicos.<\/p>\n<p>En la rueda de prensa de hoy, el portavoz del Fondo de las Naciones Unidas para la Infancia (UNICEF), James Elder, alert\u00f3 que millones de ni\u00f1os sudaneses est\u00e1n en peligro por el recrudecimiento del conflicto, y nueve de ellos han muerto en esta semana de hostilidades, mientras m\u00e1s de medio centenar resultaron heridos.<\/p>\n<p>\u201cSud\u00e1n ya ten\u00eda una de las mayores tasas de malnutrici\u00f3n infantil del mundo, y ahora el conflicto ha perturbado la ayuda a 50,000 ni\u00f1os con este problema\u201d, alert\u00f3 Elder.<\/p>\n<p>Otro organismo de la ONU, la Agencia de Naciones Unidas para los Refugiados (ACNUR), inform\u00f3 esta semana que entre 10,000 y 20,000 personas, en su mayor\u00eda mujeres y ni\u00f1os, han huido ya de la regi\u00f3n sudanesa de Darfur a la vecina Chad, pa\u00eds que ya acog\u00eda con anterioridad a unos 400,000 refugiados de Sud\u00e1n.<\/p>\n<p>Los enfrentamientos estallaron el s\u00e1bado en medio de conversaciones sobre una reforma del Ej\u00e9rcito y la integraci\u00f3n de las FAR en el mismo, parte del proceso pol\u00edtico para devolver a Sud\u00e1n a la senda democr\u00e1tica tras el golpe de Estado de 2021.<\/p>\n<p>La asonada fue perpetrada conjuntamente por el jefe del ej\u00e9rcito sudan\u00e9s, Abdelfatah Al Burhan, y el l\u00edder del grupo paramilitar, Mohamed Hamdan Dagalo \u201cHemedti\u201d.<\/p>\n<p>El secretario general de la ONU, Ant\u00f3nio Guterres, demand\u00f3 este jueves una tregua inmediata de al menos tres d\u00edas en el pa\u00eds africano.<\/p>\n<p>(Con informaci\u00f3n de EFE, en Infobae M\u00e9xico)<\/p>\n","protected":false},"excerpt":{"rendered":"<p>Redacci\u00f3n\/Zona Roja Cdmx. Ciudad de M\u00e9xico, a 22 de abril de 2023.- Al menos 413&hellip;<\/p>\n","protected":false},"author":2,"featured_media":54207,"comment_status":"closed","ping_status":"open","sticky":false,"template":"","format":"standard","meta":{"_lmt_disableupdate":"","_lmt_disable":"","_jetpack_memberships_contains_paid_content":false,"footnotes":""},"categories":[109,47],"tags":[3511],"class_list":["post-54405","post","type-post","status-publish","format-standard","has-post-thumbnail","hentry","category-minuto-a-minuto","category-zona-gris","tag-sudan"],"jetpack_featured_media_url":"https:\/\/zonaroja.com.mx\/wp-content\/uploads\/2023\/04\/Violencia-Sudan-enfrentamientos.jpeg","jetpack_sharing_enabled":true,"_links":{"self":[{"href":"https:\/\/zonaroja.com.mx\/index.php?rest_route=\/wp\/v2\/posts\/54405","targetHints":{"allow":["GET"]}}],"collection":[{"href":"https:\/\/zonaroja.com.mx\/index.php?rest_route=\/wp\/v2\/posts"}],"about":[{"href":"https:\/\/zonaroja.com.mx\/index.php?rest_route=\/wp\/v2\/types\/post"}],"author":[{"embeddable":true,"href":"https:\/\/zonaroja.com.mx\/index.php?rest_route=\/wp\/v2\/users\/2"}],"replies":[{"embeddable":true,"href":"https:\/\/zonaroja.com.mx\/index.php?rest_route=%2Fwp%2Fv2%2Fcomments&post=54405"}],"version-history":[{"count":2,"href":"https:\/\/zonaroja.com.mx\/index.php?rest_route=\/wp\/v2\/posts\/54405\/revisions"}],"predecessor-version":[{"id":54439,"href":"https:\/\/zonaroja.com.mx\/index.php?rest_route=\/wp\/v2\/posts\/54405\/revisions\/54439"}],"wp:featuredmedia":[{"embeddable":true,"href":"https:\/\/zonaroja.com.mx\/index.php?rest_route=\/wp\/v2\/media\/54207"}],"wp:attachment":[{"href":"https:\/\/zonaroja.com.mx\/index.php?rest_route=%2Fwp%2Fv2%2Fmedia&parent=54405"}],"wp:term":[{"taxonomy":"category","embeddable":true,"href":"https:\/\/zonaroja.com.mx\/index.php?rest_route=%2Fwp%2Fv2%2Fcategories&post=54405"},{"taxonomy":"post_tag","embeddable":true,"href":"https:\/\/zonaroja.com.mx\/index.php?rest_route=%2Fwp%2Fv2%2Ftags&post=54405"}],"curies":[{"name":"wp","href":"https:\/\/api.w.org\/{rel}","templated":true}]}}