{"id":54410,"date":"2023-04-22T10:00:13","date_gmt":"2023-04-22T15:00:13","guid":{"rendered":"http:\/\/www.zonaroja.com.mx\/?p=54410"},"modified":"2023-04-22T10:24:45","modified_gmt":"2023-04-22T15:24:45","slug":"54410","status":"publish","type":"post","link":"https:\/\/zonaroja.com.mx\/?p=54410","title":{"rendered":"Detectan deficiente reinserci\u00f3n social integral en reclusorios de Oaxaca"},"content":{"rendered":"<p>Yuridiana Sosa\/Zona Roja.<\/p>\n<p>Oaxaca de Ju\u00e1rez, Oax., a 21 de abril de 2023.- La reinserci\u00f3n social para las personas privadas de su libertad en los centros penitenciarios y especializados en Oaxaca es a deficiente, pues los gobiernos estatal y federal no ofrecen los servicios de manera integral para lograr su reintegraci\u00f3n a la sociedad.<\/p>\n<p>As\u00ed lo determin\u00f3 el \u201cDiagn\u00f3stico sobre la corresponsabilidad penitenciaria para la reinserci\u00f3n social en los centros penitenciarios de Oaxaca\u201d, realizado por la asociaci\u00f3n Asistencia Legal por los Derechos Humanos (Asilegal) y la Defensor\u00eda de los Derechos Humanos del Pueblo de Oaxaca (DDHPO), durante el 2022.<\/p>\n<p>Las visitas a 10 centros penitenciarios, incluyendo el Centro de Reinserci\u00f3n Social Especializado para Pacientes Psiqui\u00e1tricos y la Direcci\u00f3n de Ejecuci\u00f3n de Medidas para Adolescentes (DEMA), indicaron los principales problemas a consecuencia del incumplimiento de las autoridades a sus obligaciones.<\/p>\n<p>El diagn\u00f3stico revel\u00f3 que existen deficientes condiciones de internamiento; deficiencias y falta de enfoque de g\u00e9nero en las actividades de trabajo y capacitaci\u00f3n para el trabajo; deficiencias y falta de enfoque intercultural en los servicios de educaci\u00f3n.<\/p>\n<p>As\u00ed como falta de aplicaci\u00f3n de ajustes razonables para personas con discapacidad y personas adultas mayores; deficiencias y falta de un enfoque interseccional en la aplicaci\u00f3n de los servicios de salud; falta de informaci\u00f3n y aplicaci\u00f3n de servicios post penitenciarios y deficiencias en los servicios dirigidos a ni\u00f1os y ni\u00f1as que viven en reclusi\u00f3n con sus padres o madres.<\/p>\n<p>Fueron los aspectos de salud y educaci\u00f3n en los que se marcaron mayores deficiencias.<\/p>\n<p>P\u00c9SIMO ANTECEDENTE<\/p>\n<p>La titular de la Defensor\u00eda de los Derechos Humanos del Pueblo de Oaxaca,&nbsp;Elizabeth Lara Rodr\u00edguez se\u00f1al\u00f3 que el reciente diagn\u00f3stico brinda la oportunidad para que las autoridades atiendan las continuas deficiencias del sistema penitenciario, el cual en M\u00e9xico recibe contin\u00faas cr\u00edticas.<\/p>\n<p>Con los datos se\u00f1alados se puede comenzar a tener un enfoque de derechos humanos en ese \u00e1mbito y permita generar pol\u00edticas p\u00fablicas en materia de reinserci\u00f3n social.<\/p>\n<p>Por su parte, el subsecertario de Reinserci\u00f3n Social, Roberto Claudio Ram\u00edrez, detall\u00f3 los paup\u00e9rrimos presupuestos para la atenci\u00f3n de las personas privadas de la libertad para el 2023, el cual fue heredado por el gobierno anterior.<\/p>\n<p>Primero, indic\u00f3 que Oaxaca est\u00e1 reprobada por la Comisi\u00f3n Nacional de Derechos Humanos en materia del sistema penitenciario, el cual recibi\u00f3 una calificaci\u00f3n de 5.68.<\/p>\n<p>Un reflejo de las deficiencias actuales es en materia de alimentaci\u00f3n, en el caso de los tres centros ubicados en Tanivet, Tlacolula, se asignaron 30 pesos para las tres comidas del d\u00eda para cada persona privada de su libertad; en el resto es de 20 pesos, lo cual merma en la calidad de los alimentos.<\/p>\n<p>Mientras que en el caso de los medicamentos, el gobierno anterior dej\u00f3 un presupuesto equivalente a los 5.83 pesos para cada persona.<\/p>\n<div class=\"twitter-tweet\">\n<blockquote class=\"twitter-tweet\" data-lang=\"es\">\n<p lang=\"es\" dir=\"ltr\">2. El sistema penitenciario de Oaxaca no solamente est\u00e1 reprobado en cuanto a infraestructura y atenci\u00f3n, sino tambi\u00e9n en la reinserci\u00f3n que corresponde hacer a las instancias de educaci\u00f3n, del trabajo, de salud, entre otros, seg\u00fan el informe presentado por <a href=\"https:\/\/twitter.com\/AsilegalMx?ref_src=twsrc%5Etfw\">@AsilegalMx<\/a> y la\u2026 <a href=\"https:\/\/t.co\/xLztzEKeWP\">pic.twitter.com\/xLztzEKeWP<\/a><\/p>\n<p>&mdash; Zona Roja Oaxaca (@ZonaRoja_Oaxaca) <a href=\"https:\/\/twitter.com\/ZonaRoja_Oaxaca\/status\/1649516884285325312?ref_src=twsrc%5Etfw\">21 de abril de 2023<\/a><\/p><\/blockquote>\n<\/div>\n<p>LA ENCUESTA<br \/>\nEl 46 por ciento de la poblaci\u00f3n en los centros penitenciarios dijo que no ten\u00eda acceso a los servicios de educativos, mientras el 43 dijo que s\u00ed; las razones por las que no asisten a los servicios son por falta de recursos dinero o materiales; otro 13 por ciento dijo que no hay el nivel de estudios requeridos, 16 por ciento por falta de tiempo y el 17 por ciento falta de ganas o&nbsp; inter\u00e9s y 41 por ciento por otros motivos.<\/p>\n<p>Los defensores apuntaron que el 59 por ciento de las personas privadas de su libertad desean seguir con sus estudios; el 32 por ciento dijo que para seguir con sus estudios se necesita salir del centro penitenciario mientras que un 47 por ciento cree necesario tener recursos, sean econ\u00f3micos o materiales.<\/p>\n<p>Sobre el acceso a los servicios de salud en los centros penitenciarios, el 78 por ciento dijo s\u00ed y el 13 dijo que no; los servicios son, el dos por ciento para urgencias, psicolog\u00eda cuatro por ciento; 17 por ciento odontolog\u00eda, consulta m\u00e9dica general y enfermer\u00eda 69 por ciento y otros 8 por ciento.<\/p>\n<p>Respecto al apoyo terap\u00e9utico o psicol\u00f3gico para tratar aspectos emocionales, el 46 por ciento de la poblaci\u00f3n dijo no tenerlo y el 43 por ciento s\u00ed, por lo que los organismos determinaron que los servicios de salud necesitan ser integrales para atender satisfactoriamente a la poblaci\u00f3n privada de la libertad<\/p>\n<p>Las mujeres comunicaron que no exist\u00eda confidencialidad en las consultas psicol\u00f3gicas, mientras que el 46 por ciento dijo que no recibe servicios preventivos de VIH, Papanicolaou y mastograf\u00edas; el 56 dijo que s\u00ed, pero en el 87 por ciento de los casos no cuentan con m\u00e9dicos especialistas en los centros penitenciarios.<\/p>\n<p>A ellos se suma que se detectaron deficiencias en el otorgamiento de productos de higiene personal y de menstruaci\u00f3n digna.<\/p>\n<p>Respecto a las actividades de capacitaci\u00f3n laboral en los centros, el 30 por ciento de la poblaci\u00f3n dijo que la recibe y el 56 por ciento s\u00ed, pero la oferta de trabajo que debe otorgar el Centro Penitenciario debe prever actividades que sean en verdad \u00fatiles para que las personas se inserten en el marco laboral una vez en libertad.<\/p>\n<p>En el caso de las mujeres, las actividades deben adecuarse a sus necesidades espec\u00edficas y debe prevalecer la ausencia de estereotipos.<\/p>\n<p>Otro aspecto m\u00e1s, fue el referente a tener acceso a actividades deportivas, en lo que el 87 por ciento dijo que s\u00ed; con una mayor pr\u00e1ctica en el f\u00fatbol con el 38 por ciento, basquetbol 35 por ciento, voleibol 15 por ciento.<\/p>\n<p>El diagn\u00f3stico indic\u00f3 que es necesario mejorar las condiciones del registro de internos inscritos en cada actividad deportiva, la programaci\u00f3n de las actividades deportivas y la oportunidad de acceso a actividades deportivas. As\u00ed tambi\u00e9n, es necesaria la realizaci\u00f3n de ajustes razonables para que las personas con discapacidades o adultas mayores puedan realizar estas actividades.<\/p>\n<p>OTROS DATOS<\/p>\n<p>Los defensores de derechos humanos se\u00f1alaron que es necesario que el Estado cumpla con su obligaci\u00f3n de proporcionar las herramientas necesarias para que la persona que se encuentra privada de libertad pueda reinsertarse a la sociedad con mayores oportunidades y sea capaz de desarrollar su proyecto de vida en un marco de legalidad.<\/p>\n<p>El Poder Judicial y el Ejecutivo cuentan con una herramienta fundamental: la coordinaci\u00f3n interinstitucional establecida en el art\u00edculo 7 de la Ley Nacional de Ejecuci\u00f3n Penal, entendida como corresponsabilidad penitenciaria.<\/p>\n<p>Por otro lado, recordaron en el diagn\u00f3stico que Oaxaca ocupa el d\u00e9cimo lugar a nivel nacional con relaci\u00f3n a su \u00edndice de impunidad y desde el a\u00f1o 2016 el n\u00famero de personas privadas de libertad ha aumentado un 5.3 por ciento a nivel nacional y un 2.3 por ciento en Oaxaca.<\/p>\n<p>Hasta agosto de 2022, exist\u00eda una poblaci\u00f3n total de cuatro mil 14 personas privadas de libertad, de las cuales tres mil 929 pertenecen al fuero com\u00fan y 85 al fuero federal.<\/p>\n","protected":false},"excerpt":{"rendered":"<p>Yuridiana Sosa\/Zona Roja. Oaxaca de Ju\u00e1rez, Oax., a 21 de abril de 2023.- La reinserci\u00f3n&hellip;<\/p>\n","protected":false},"author":2,"featured_media":54411,"comment_status":"closed","ping_status":"open","sticky":false,"template":"","format":"standard","meta":{"_lmt_disableupdate":"","_lmt_disable":"","_jetpack_memberships_contains_paid_content":false,"footnotes":""},"categories":[109],"tags":[286],"class_list":["post-54410","post","type-post","status-publish","format-standard","has-post-thumbnail","hentry","category-minuto-a-minuto","tag-defensoria-de-los-derechos-humanos-del-pueblo-de-oaxaca"],"jetpack_featured_media_url":"https:\/\/zonaroja.com.mx\/wp-content\/uploads\/2023\/04\/Presentan-DDHPO-y-Asi-Legal-Diagnostico-sobre-la-corresponsabilidad-para-la-reinsercion-de-las-personas-privadas-de-la-libertad-en-los-Centros-Penitenciarios-del-Estado-de-Oaxaca.jpeg","jetpack_sharing_enabled":true,"_links":{"self":[{"href":"https:\/\/zonaroja.com.mx\/index.php?rest_route=\/wp\/v2\/posts\/54410","targetHints":{"allow":["GET"]}}],"collection":[{"href":"https:\/\/zonaroja.com.mx\/index.php?rest_route=\/wp\/v2\/posts"}],"about":[{"href":"https:\/\/zonaroja.com.mx\/index.php?rest_route=\/wp\/v2\/types\/post"}],"author":[{"embeddable":true,"href":"https:\/\/zonaroja.com.mx\/index.php?rest_route=\/wp\/v2\/users\/2"}],"replies":[{"embeddable":true,"href":"https:\/\/zonaroja.com.mx\/index.php?rest_route=%2Fwp%2Fv2%2Fcomments&post=54410"}],"version-history":[{"count":2,"href":"https:\/\/zonaroja.com.mx\/index.php?rest_route=\/wp\/v2\/posts\/54410\/revisions"}],"predecessor-version":[{"id":54433,"href":"https:\/\/zonaroja.com.mx\/index.php?rest_route=\/wp\/v2\/posts\/54410\/revisions\/54433"}],"wp:featuredmedia":[{"embeddable":true,"href":"https:\/\/zonaroja.com.mx\/index.php?rest_route=\/wp\/v2\/media\/54411"}],"wp:attachment":[{"href":"https:\/\/zonaroja.com.mx\/index.php?rest_route=%2Fwp%2Fv2%2Fmedia&parent=54410"}],"wp:term":[{"taxonomy":"category","embeddable":true,"href":"https:\/\/zonaroja.com.mx\/index.php?rest_route=%2Fwp%2Fv2%2Fcategories&post=54410"},{"taxonomy":"post_tag","embeddable":true,"href":"https:\/\/zonaroja.com.mx\/index.php?rest_route=%2Fwp%2Fv2%2Ftags&post=54410"}],"curies":[{"name":"wp","href":"https:\/\/api.w.org\/{rel}","templated":true}]}}