{"id":5442,"date":"2019-11-05T08:13:10","date_gmt":"2019-11-05T14:13:10","guid":{"rendered":"http:\/\/www.zonaroja.com.mx\/?p=5442"},"modified":"2019-11-05T17:12:34","modified_gmt":"2019-11-05T23:12:34","slug":"ni-a-su-personal-procura-justicia-la-fiscalia-van-siete-aei-asesinados","status":"publish","type":"post","link":"https:\/\/zonaroja.com.mx\/?p=5442","title":{"rendered":"Ni a su personal procura justicia la Fiscal\u00eda; van siete AEI asesinados"},"content":{"rendered":"\n<p>Redacci\u00f3n\/Zona Roja.<\/p>\n\n\n\n<p>Fotos: Fiscal\u00eda General<\/p>\n\n\n\n<p>Oaxaca de\nJu\u00e1rez, Oax., 5 de noviembre de 2019.- Al menos siete elementos de la Agencia\nEstatal de Investigaciones (AEI) han sido asesinados en los \u00faltimos tres a\u00f1os;\nsin embargo, la Fiscal\u00eda General del Estado de Oaxaca no ha procurado ni a su\npersonal, pues la mayor\u00eda de los casos permanece impune.<\/p>\n\n\n\n<p>El m\u00e1s\nreciente hecho ocurri\u00f3 la noche del domingo, cuando fue abatido el agente\nMauricio Pastel\u00edn, en el interior de su veh\u00edculo, sobre la carretera federal\n190, Oaxaca-M\u00e9xico, a la altura del crucero a Santo Domingo Barrio Bajo, Villa\nde Etla.<\/p>\n\n\n\n<p>La ejecuci\u00f3n\nde Pastel\u00edn se suma al asesinato y tortura de otro integrante de la corporaci\u00f3n\nregistrada el 7 de octubre en el municipio de Santiago Xanica que mantiene una\npugna pos electoral y ha dejado enfrentamientos, retenciones y asesinatos en la\nzona. <\/p>\n\n\n\n<p>Wilbert\nM\u00e9ndez era el nombre del elemento que presuntamente fue retenido por\nintegrantes del Comit\u00e9 de Defensa de Derechos ind\u00edgenas (Codedi) quienes lo\nentregaron al personal del Instituto Estatal Electoral y de Participaci\u00f3n\nCiudadana (IEEPCO) para su traslado a un hospital, lo anterior con visibles\nhuellas de tortura,&nbsp; atado de pies y con\ngolpes que le provocaron la muerte horas m\u00e1s tarde.<\/p>\n\n\n\n<p>El a\u00f1o\npasado, el 1 de diciembre del 2018 en la regi\u00f3n del Istmo fue acribillado a\ntiros por sujetos desconocidos Iv\u00e1n Guti\u00e9rrez Alonso, con placa 1154 de la AEI.<\/p>\n\n\n\n<p>El hecho se\nregistr\u00f3 en el municipio de Juchit\u00e1n de Zaragoza, cuando el elemento policial\ncirculaba a bordo de su motocicleta sobre la v\u00eda que lleva a la comunidad de El\nEspinal, la cual fue interceptaba por otras dos unidades en movimiento, dejando\nal oficial tendido en medio de la carretera, en la cintura su placa y arma de\ncargo.<\/p>\n\n\n\n<p>El 20 de\nmayo tambi\u00e9n del 2018, los agentes estatales de investigaci\u00f3n con n\u00famero de\nplaca 526 y 836 fueron emboscados y posteriormente calcinados en el paraje \u201cEl\nMirador\u201d, de la agencia municipal L\u00e1zaro C\u00e1rdenas, perteneciente al municipio\nde San Miguel El Grande, en la regi\u00f3n Mixteca. <\/p>\n\n\n\n<p>La versiones\nse\u00f1alan que un grupo armado intercept\u00f3 el veh\u00edculo de los agentes, los\nrodearon, dispararon y despu\u00e9s&nbsp; le\nprendieron fuego con los uniformados dentro, mientras que fueron automovilistas\nque circulan por esta vialidad los que reportaron el hallazgo de la unidad de\nmotor calcinada.<\/p>\n\n\n\n<p>El 7 de\noctubre del 2017, Francisco G\u00fcemes P\u00e9rez, con n\u00famero de identificaci\u00f3n 887, fue\nasesinado cuando se trasladaba a la comandancia de Mar\u00eda Lombardo de Caso,\npresuntamente fue interceptado por un grupo de personas que al descubrir que\nportaba el uniforme de la corporaci\u00f3n y sus dos armas de cargo, decidieron\nprivarlo de la vida.<\/p>\n\n\n\n<p>Finalmente y de acuerdo con el recuento hemerogr\u00e1fico realizado por ZONA ROJA, otro caso se registr\u00f3 el 8 de febrero de 2017,\u00a0 cuando el agente de investigaciones, placa 483 y adscrito al grupo de homicidios, Jorge Gonz\u00e1lez Garc\u00eda, fue ejecutado en el municipio conurbado de San Sebasti\u00e1n Tutla.<\/p>\n\n\n\n<figure class=\"wp-block-image\"><img decoding=\"async\" width=\"1024\" height=\"683\" src=\"http:\/\/www.zonaroja.com.mx\/wp-content\/uploads\/2019\/11\/3-1-1024x683.jpg\" alt=\"\" class=\"wp-image-5444\" srcset=\"https:\/\/zonaroja.com.mx\/wp-content\/uploads\/2019\/11\/3-1-1024x683.jpg 1024w, https:\/\/zonaroja.com.mx\/wp-content\/uploads\/2019\/11\/3-1-300x200.jpg 300w, https:\/\/zonaroja.com.mx\/wp-content\/uploads\/2019\/11\/3-1-768x512.jpg 768w, https:\/\/zonaroja.com.mx\/wp-content\/uploads\/2019\/11\/3-1-1170x780.jpg 1170w, https:\/\/zonaroja.com.mx\/wp-content\/uploads\/2019\/11\/3-1-1920x1280.jpg 1920w, https:\/\/zonaroja.com.mx\/wp-content\/uploads\/2019\/11\/3-1-585x390.jpg 585w, https:\/\/zonaroja.com.mx\/wp-content\/uploads\/2019\/11\/3-1-263x175.jpg 263w\" sizes=\"(max-width: 1024px) 100vw, 1024px\" \/><\/figure>\n\n\n\n<p>HABR\u00c1\nJUSTICIA<\/p>\n\n\n\n<p>Ayer, en la\nsede de La Experimental, la Fiscal\u00eda General del Estado rindi\u00f3 un homenaje p\u00f3stumo\nal AEI abatido en la Villa de Etla, con la presencia de sus familiares.<\/p>\n\n\n\n<p>Su titular,\nRub\u00e9n Vasconcelos M\u00e9ndez, dijo en su discurso que la muerte del comandante, \u201cadem\u00e1s\nde ser un tema de justicia, es tambi\u00e9n un tema de honor, por lo cual la\nFiscal\u00eda General no se detendr\u00e1 en sus actividades hasta lograr que se haga\njusticia al agente fallecido\u201d.<\/p>\n\n\n\n<p>\u201cCon\nfirmeza, el fiscal General precis\u00f3 que la Instituci\u00f3n por ning\u00fan motivo bajar\u00e1\nla guardia ni dejar\u00e1 de combatir al crimen con todas las capacidades t\u00e9cnicas y\noperativas con que cuenta, a fin de seguir enfrentando el flagelo de la\ncriminalidad.<\/p>\n\n\n\n<p>\u201cAsimismo,\npuntualiz\u00f3 que no son los intereses pol\u00edticos, econ\u00f3micos o personales los que\nconducen los trabajos de la Instituci\u00f3n, sino el inter\u00e9s de servir a la\nsociedad oaxaque\u00f1a con eficiencia y vocaci\u00f3n de servicio\u201d, refiri\u00f3 en un\ncomunicado.<\/p>\n","protected":false},"excerpt":{"rendered":"<p>Redacci\u00f3n\/Zona Roja. Fotos: Fiscal\u00eda General Oaxaca de Ju\u00e1rez, Oax., 5 de noviembre de 2019.- Al&hellip;<\/p>\n","protected":false},"author":2,"featured_media":5443,"comment_status":"closed","ping_status":"open","sticky":false,"template":"","format":"standard","meta":{"_lmt_disableupdate":"","_lmt_disable":"","_jetpack_memberships_contains_paid_content":false,"footnotes":""},"categories":[109,51],"tags":[82,494],"class_list":["post-5442","post","type-post","status-publish","format-standard","has-post-thumbnail","hentry","category-minuto-a-minuto","category-zona-roja","tag-agencia-estatal-de-investigaciones","tag-fiscalia-general-del-estado-de-oaxaca"],"jetpack_featured_media_url":"https:\/\/zonaroja.com.mx\/wp-content\/uploads\/2019\/11\/10-1.jpg","jetpack_sharing_enabled":true,"_links":{"self":[{"href":"https:\/\/zonaroja.com.mx\/index.php?rest_route=\/wp\/v2\/posts\/5442","targetHints":{"allow":["GET"]}}],"collection":[{"href":"https:\/\/zonaroja.com.mx\/index.php?rest_route=\/wp\/v2\/posts"}],"about":[{"href":"https:\/\/zonaroja.com.mx\/index.php?rest_route=\/wp\/v2\/types\/post"}],"author":[{"embeddable":true,"href":"https:\/\/zonaroja.com.mx\/index.php?rest_route=\/wp\/v2\/users\/2"}],"replies":[{"embeddable":true,"href":"https:\/\/zonaroja.com.mx\/index.php?rest_route=%2Fwp%2Fv2%2Fcomments&post=5442"}],"version-history":[{"count":2,"href":"https:\/\/zonaroja.com.mx\/index.php?rest_route=\/wp\/v2\/posts\/5442\/revisions"}],"predecessor-version":[{"id":5452,"href":"https:\/\/zonaroja.com.mx\/index.php?rest_route=\/wp\/v2\/posts\/5442\/revisions\/5452"}],"wp:featuredmedia":[{"embeddable":true,"href":"https:\/\/zonaroja.com.mx\/index.php?rest_route=\/wp\/v2\/media\/5443"}],"wp:attachment":[{"href":"https:\/\/zonaroja.com.mx\/index.php?rest_route=%2Fwp%2Fv2%2Fmedia&parent=5442"}],"wp:term":[{"taxonomy":"category","embeddable":true,"href":"https:\/\/zonaroja.com.mx\/index.php?rest_route=%2Fwp%2Fv2%2Fcategories&post=5442"},{"taxonomy":"post_tag","embeddable":true,"href":"https:\/\/zonaroja.com.mx\/index.php?rest_route=%2Fwp%2Fv2%2Ftags&post=5442"}],"curies":[{"name":"wp","href":"https:\/\/api.w.org\/{rel}","templated":true}]}}