{"id":54421,"date":"2023-04-22T11:52:00","date_gmt":"2023-04-22T16:52:00","guid":{"rendered":"http:\/\/www.zonaroja.com.mx\/?p=54421"},"modified":"2023-04-22T12:35:33","modified_gmt":"2023-04-22T17:35:33","slug":"54421","status":"publish","type":"post","link":"https:\/\/zonaroja.com.mx\/?p=54421","title":{"rendered":"Feminicida de la regi\u00f3n Mixteca pasar\u00e1 44 a\u00f1os en prisi\u00f3n; mat\u00f3 a estudiante"},"content":{"rendered":"<p>Redacci\u00f3n\/Zona Roja.<\/p>\n<p>Oaxaca de Ju\u00e1rez, Oax., a 21 de abril de 2023.- La Fiscal\u00eda General del Estado de Oaxaca (FGEO) obtuvo sentencia condenatorio por m\u00e1s de 44 a\u00f1os de prisi\u00f3n en contra de una persona del sexo masculino, identificada por las iniciales F. J. O. V., responsable del delito de feminicidio cometido en la Mixteca.<\/p>\n<p>De acuerdo con el expediente penal, los hechos ocurrieron entre la noche del 14 y la madrugada del 15 de junio de 2022, dentro de un domicilio particular localizado en la colonia Centro, del municipio de Santiago Yolom\u00e9catl, San Pedro y San Pablo Teposcolula, Oaxaca, donde F. J. O. V. agredi\u00f3 f\u00edsicamente a la v\u00edctima identificada como J. V. V., quien sufri\u00f3 lesiones que terminaron con su vida.<\/p>\n<p>Al ver que la v\u00edctima (quien era su pareja) estaba sin vida, F. J. O. V. sac\u00f3 el cuerpo de domicilio y lo dej\u00f3 abandonado dentro de un remolque que se encontraba estacionado en la calle, frente a la casa donde ocurrieron los hechos.<\/p>\n<p>Luego de tomar conocimiento del caso, la FGEO intervino a trav\u00e9s de la Vicefiscal\u00eda Regional de la Mixteca que realiz\u00f3 las investigaciones que permitieron dar con el paradero de F. J. O. V., quien fue aprehendido.<\/p>\n<p>La Fiscal\u00eda present\u00f3 las pruebas suficientes ante el Juez quien dict\u00f3 sentencia condenatoria de 44 a\u00f1os cinco meses y 10 d\u00edas de prisi\u00f3n en contra de F. J. O. V., quien, adem\u00e1s tendr\u00e1 que pagar m\u00e1s de 520 mil pesos por el concepto de multa y reparaci\u00f3n del da\u00f1o.<\/p>\n<p>El feminicidio es un delito que da\u00f1a el tejido social desde su n\u00facleo por lo que, la prevenci\u00f3n es una piedra angular para evitar que ocurra. La Fiscal\u00eda de Oaxaca brinda atenci\u00f3n integral para v\u00edctimas de violencia de g\u00e9nero para el acompa\u00f1amiento en caso de sufrir alg\u00fan tipo de agresi\u00f3n&nbsp;o&nbsp;violencia.<\/p>\n","protected":false},"excerpt":{"rendered":"<p>Redacci\u00f3n\/Zona Roja. Oaxaca de Ju\u00e1rez, Oax., a 21 de abril de 2023.- La Fiscal\u00eda General&hellip;<\/p>\n","protected":false},"author":2,"featured_media":44744,"comment_status":"closed","ping_status":"open","sticky":false,"template":"","format":"standard","meta":{"_lmt_disableupdate":"","_lmt_disable":"","_jetpack_memberships_contains_paid_content":false,"footnotes":""},"categories":[109,46],"tags":[494],"class_list":["post-54421","post","type-post","status-publish","format-standard","has-post-thumbnail","hentry","category-minuto-a-minuto","category-zona-blanca","tag-fiscalia-general-del-estado-de-oaxaca"],"jetpack_featured_media_url":"https:\/\/zonaroja.com.mx\/wp-content\/uploads\/2022\/08\/Detenido-caso-Yolomecatl.jpg","jetpack_sharing_enabled":true,"_links":{"self":[{"href":"https:\/\/zonaroja.com.mx\/index.php?rest_route=\/wp\/v2\/posts\/54421","targetHints":{"allow":["GET"]}}],"collection":[{"href":"https:\/\/zonaroja.com.mx\/index.php?rest_route=\/wp\/v2\/posts"}],"about":[{"href":"https:\/\/zonaroja.com.mx\/index.php?rest_route=\/wp\/v2\/types\/post"}],"author":[{"embeddable":true,"href":"https:\/\/zonaroja.com.mx\/index.php?rest_route=\/wp\/v2\/users\/2"}],"replies":[{"embeddable":true,"href":"https:\/\/zonaroja.com.mx\/index.php?rest_route=%2Fwp%2Fv2%2Fcomments&post=54421"}],"version-history":[{"count":2,"href":"https:\/\/zonaroja.com.mx\/index.php?rest_route=\/wp\/v2\/posts\/54421\/revisions"}],"predecessor-version":[{"id":54423,"href":"https:\/\/zonaroja.com.mx\/index.php?rest_route=\/wp\/v2\/posts\/54421\/revisions\/54423"}],"wp:featuredmedia":[{"embeddable":true,"href":"https:\/\/zonaroja.com.mx\/index.php?rest_route=\/wp\/v2\/media\/44744"}],"wp:attachment":[{"href":"https:\/\/zonaroja.com.mx\/index.php?rest_route=%2Fwp%2Fv2%2Fmedia&parent=54421"}],"wp:term":[{"taxonomy":"category","embeddable":true,"href":"https:\/\/zonaroja.com.mx\/index.php?rest_route=%2Fwp%2Fv2%2Fcategories&post=54421"},{"taxonomy":"post_tag","embeddable":true,"href":"https:\/\/zonaroja.com.mx\/index.php?rest_route=%2Fwp%2Fv2%2Ftags&post=54421"}],"curies":[{"name":"wp","href":"https:\/\/api.w.org\/{rel}","templated":true}]}}