{"id":54425,"date":"2023-04-22T09:11:26","date_gmt":"2023-04-22T14:11:26","guid":{"rendered":"http:\/\/www.zonaroja.com.mx\/?p=54425"},"modified":"2023-04-22T09:12:43","modified_gmt":"2023-04-22T14:12:43","slug":"54425","status":"publish","type":"post","link":"https:\/\/zonaroja.com.mx\/?p=54425","title":{"rendered":"Esclarecen con di\u00e1logo presunta confrontaci\u00f3n policiaca"},"content":{"rendered":"<p>Redacci\u00f3n\/Zona Roja.<\/p>\n<p>Oaxaca de Ju\u00e1rez, Oax., a 22 de abril de 2023.-El ayuntamiento de Santa Luc\u00eda del Camino inform\u00f3 que siempre ha sido respetuoso de las instituciones y de los distintos \u00f3rdenes de gobierno.<\/p>\n<p>En relaci\u00f3n a los hechos ocurridos la noche de ayer viernes, en un comunicado el ayuntamiento reiter\u00f3 su compromiso con el di\u00e1logo y respeto a las instituciones del Gobierno del Estado.<\/p>\n<p>En ese sentido, el altercado que se suscito entre elementos de la Polic\u00eda Municipal y de la Polic\u00eda Estatal fue resuelto por la v\u00eda institucional y del di\u00e1logo; quedando con esto solucionada la situaci\u00f3n, detall\u00f3.<\/p>\n<p>Expuso que el gobierno municipal de Santa Luc\u00eda del Camino reconocen el trabajo de la Polic\u00eda Estatal y refrenda su compromiso de coadyuvar institucionalmente en materia de seguridad, para el beneficio de la ciudadan\u00eda.<\/p>\n","protected":false},"excerpt":{"rendered":"<p>Redacci\u00f3n\/Zona Roja. Oaxaca de Ju\u00e1rez, Oax., a 22 de abril de 2023.-El ayuntamiento de Santa&hellip;<\/p>\n","protected":false},"author":2,"featured_media":54426,"comment_status":"closed","ping_status":"open","sticky":false,"template":"","format":"standard","meta":{"_lmt_disableupdate":"","_lmt_disable":"","_jetpack_memberships_contains_paid_content":false,"footnotes":""},"categories":[109,46],"tags":[337],"class_list":["post-54425","post","type-post","status-publish","format-standard","has-post-thumbnail","hentry","category-minuto-a-minuto","category-zona-blanca","tag-santa-lucia-del-camino"],"jetpack_featured_media_url":"https:\/\/zonaroja.com.mx\/wp-content\/uploads\/2023\/04\/Conflicto-policiaco-Santa-Lucia.jpg","jetpack_sharing_enabled":true,"_links":{"self":[{"href":"https:\/\/zonaroja.com.mx\/index.php?rest_route=\/wp\/v2\/posts\/54425","targetHints":{"allow":["GET"]}}],"collection":[{"href":"https:\/\/zonaroja.com.mx\/index.php?rest_route=\/wp\/v2\/posts"}],"about":[{"href":"https:\/\/zonaroja.com.mx\/index.php?rest_route=\/wp\/v2\/types\/post"}],"author":[{"embeddable":true,"href":"https:\/\/zonaroja.com.mx\/index.php?rest_route=\/wp\/v2\/users\/2"}],"replies":[{"embeddable":true,"href":"https:\/\/zonaroja.com.mx\/index.php?rest_route=%2Fwp%2Fv2%2Fcomments&post=54425"}],"version-history":[{"count":2,"href":"https:\/\/zonaroja.com.mx\/index.php?rest_route=\/wp\/v2\/posts\/54425\/revisions"}],"predecessor-version":[{"id":54429,"href":"https:\/\/zonaroja.com.mx\/index.php?rest_route=\/wp\/v2\/posts\/54425\/revisions\/54429"}],"wp:featuredmedia":[{"embeddable":true,"href":"https:\/\/zonaroja.com.mx\/index.php?rest_route=\/wp\/v2\/media\/54426"}],"wp:attachment":[{"href":"https:\/\/zonaroja.com.mx\/index.php?rest_route=%2Fwp%2Fv2%2Fmedia&parent=54425"}],"wp:term":[{"taxonomy":"category","embeddable":true,"href":"https:\/\/zonaroja.com.mx\/index.php?rest_route=%2Fwp%2Fv2%2Fcategories&post=54425"},{"taxonomy":"post_tag","embeddable":true,"href":"https:\/\/zonaroja.com.mx\/index.php?rest_route=%2Fwp%2Fv2%2Ftags&post=54425"}],"curies":[{"name":"wp","href":"https:\/\/api.w.org\/{rel}","templated":true}]}}