{"id":54436,"date":"2023-04-22T12:33:25","date_gmt":"2023-04-22T17:33:25","guid":{"rendered":"http:\/\/www.zonaroja.com.mx\/?p=54436"},"modified":"2023-04-22T13:39:07","modified_gmt":"2023-04-22T18:39:07","slug":"sabado-de-roja-primavera-en-oaxaca-dos-asesinatos-y-un-feminicidio","status":"publish","type":"post","link":"https:\/\/zonaroja.com.mx\/?p=54436","title":{"rendered":"S\u00e1bado de \u201croja primavera\u201d en Oaxaca: dos asesinatos y un feminicidio"},"content":{"rendered":"\n<p>Ismael Garc\u00eda M.\/Zona Roja.<\/p>\n\n\n\n<p>Oaxaca de Ju\u00e1rez, Oax., a 22 de abril de 2023.- Tres personas, entre ellas una mujer, han sido asesinadas a balazos en las \u00faltimas horas en hechos distintos en Oaxaca.<\/p>\n\n\n\n<p>Esta ma\u00f1ana en el camino a La Lobera-Santa In\u00e9s del Monte, en jurisdicci\u00f3n de la Villa de Zaachila, fue hallado el cuerpo sin vida de una mujer, al parecer deportista. <\/p>\n\n\n\n<p>Al parecer se trata de una joven, a\u00fan no identificada, que presenta al menos dos impactos de arma de fuego.&nbsp;<\/p>\n\n\n\n<p>EN JUCHIT\u00c1N&nbsp;<\/p>\n\n\n\n<p>En Juchit\u00e1n de Zaragoza, municipio de la regi\u00f3n del Istmo, una persona  ejecutada y otra m\u00e1s lesionada es el saldo de un ataque armado registrado en los primeros minutos de este s\u00e1bado.<\/p>\n\n\n\n<p>La agresi\u00f3n se registr\u00f3 en la calle Tehuana de la colonia Virgen de Guadalupe, cuando un grupo delictivo arrib\u00f3 a un domicilio particular y dispar\u00f3 directamente contra las v\u00edctimas.<\/p>\n\n\n\n<p>De manera preliminar, se inform\u00f3 que el hoy occiso respond\u00eda en vida al nombre de Lucio \u201cN\u201d, mientras que el lesionado a\u00fan no ha sido identificado y fue llevado a un hospital.<\/p>\n\n\n\n<p>EN ALMOLONGAS<\/p>\n\n\n\n<p>Por otra parte, a un costado de la carretera federal 175 Oaxaca-Puerto \u00c1ngel, a la altura de San Sim\u00f3n Almolongas, fue localizado un cuerpo sin vida. <\/p>\n\n\n\n<p>Presenta tambi\u00e9n proyectiles de arma de fug\u00f3 en el cuerpo y a un costado de hall\u00f3 una camioneta, al parecer de su propiedad; la v\u00edctima a\u00fan no ha sido identificada. <\/p>\n","protected":false},"excerpt":{"rendered":"<p>Ismael Garc\u00eda M.\/Zona Roja. Oaxaca de Ju\u00e1rez, Oax., a 22 de abril de 2023.- Tres&hellip;<\/p>\n","protected":false},"author":2,"featured_media":54435,"comment_status":"closed","ping_status":"open","sticky":false,"template":"","format":"standard","meta":{"_lmt_disableupdate":"","_lmt_disable":"","_jetpack_memberships_contains_paid_content":false,"footnotes":""},"categories":[109,51],"tags":[],"class_list":["post-54436","post","type-post","status-publish","format-standard","has-post-thumbnail","hentry","category-minuto-a-minuto","category-zona-roja"],"jetpack_featured_media_url":"https:\/\/zonaroja.com.mx\/wp-content\/uploads\/2023\/04\/img_2875.jpg","jetpack_sharing_enabled":true,"_links":{"self":[{"href":"https:\/\/zonaroja.com.mx\/index.php?rest_route=\/wp\/v2\/posts\/54436","targetHints":{"allow":["GET"]}}],"collection":[{"href":"https:\/\/zonaroja.com.mx\/index.php?rest_route=\/wp\/v2\/posts"}],"about":[{"href":"https:\/\/zonaroja.com.mx\/index.php?rest_route=\/wp\/v2\/types\/post"}],"author":[{"embeddable":true,"href":"https:\/\/zonaroja.com.mx\/index.php?rest_route=\/wp\/v2\/users\/2"}],"replies":[{"embeddable":true,"href":"https:\/\/zonaroja.com.mx\/index.php?rest_route=%2Fwp%2Fv2%2Fcomments&post=54436"}],"version-history":[{"count":2,"href":"https:\/\/zonaroja.com.mx\/index.php?rest_route=\/wp\/v2\/posts\/54436\/revisions"}],"predecessor-version":[{"id":54440,"href":"https:\/\/zonaroja.com.mx\/index.php?rest_route=\/wp\/v2\/posts\/54436\/revisions\/54440"}],"wp:featuredmedia":[{"embeddable":true,"href":"https:\/\/zonaroja.com.mx\/index.php?rest_route=\/wp\/v2\/media\/54435"}],"wp:attachment":[{"href":"https:\/\/zonaroja.com.mx\/index.php?rest_route=%2Fwp%2Fv2%2Fmedia&parent=54436"}],"wp:term":[{"taxonomy":"category","embeddable":true,"href":"https:\/\/zonaroja.com.mx\/index.php?rest_route=%2Fwp%2Fv2%2Fcategories&post=54436"},{"taxonomy":"post_tag","embeddable":true,"href":"https:\/\/zonaroja.com.mx\/index.php?rest_route=%2Fwp%2Fv2%2Ftags&post=54436"}],"curies":[{"name":"wp","href":"https:\/\/api.w.org\/{rel}","templated":true}]}}