{"id":54453,"date":"2023-04-23T11:34:41","date_gmt":"2023-04-23T16:34:41","guid":{"rendered":"http:\/\/www.zonaroja.com.mx\/?p=54453"},"modified":"2023-04-23T12:44:35","modified_gmt":"2023-04-23T17:44:35","slug":"54453","status":"publish","type":"post","link":"https:\/\/zonaroja.com.mx\/?p=54453","title":{"rendered":"Determinan prisi\u00f3n preventiva para ex delegado panista en la Cdmx"},"content":{"rendered":"<p>Redacci\u00f3n\/Zona Roja Cdmx.<\/p>\n<p>Ciudad de M\u00e9xico, a 23 de abril de 2023.- La Fiscal\u00eda General de Justicia de la Ciudad de M\u00e9xico (FGJ Cdmx) inform\u00f3 que obtuvo prisi\u00f3n preventiva oficiosa justificada contra el exdelegado en Benito Ju\u00e1rez y exdiputado del PAN, Christian Von Roehrich, quien es acusado de los delitos de uso ilegal de atribuciones y facultades cometidos por servidor p\u00fablico.<\/p>\n<p>El juez de control a cargo de proceso del panista confirm\u00f3 su aprehensi\u00f3n y dict\u00f3 dicha medida cautelar ante el riesgo de fuga.<\/p>\n<p>La defensa legal de Von Roehrich solicit\u00f3 m\u00e1s tiempo para recabar pruebas a favor, por lo que el juez de control determin\u00f3 que el ex diputado local permanecer\u00eda en prisi\u00f3n hasta la pr\u00f3xima audiencia que se realizar\u00e1 en el Reclusorio Preventivo Varonil Norte.<\/p>\n<p>Desde el pasado 8 de diciembre, la Fiscal\u00eda capitalina gir\u00f3 una orden de aprehensi\u00f3n contra Von Roehrich por su presunta participaci\u00f3n en el delito de uso ilegal de atribuciones y facultades cometidos por servidores.<\/p>\n<p>El panista supuestamente solicit\u00f3 dos departamentos y 820 mil pesos en efectivo al empresario constructor del complejo City Towers Green &amp; Black para permitir avance de obras irregulares<\/p>\n<p>Seg\u00fan la carpeta de investigaci\u00f3n relacionada con servidores p\u00fablicos y grupos inmobiliarios, en dicho complejo estaba prevista la construcci\u00f3n de 752 departamentos pero el exdelegado panista y su exsecretario de Obras y Desarrollo Urbano, Nicias Ren\u00e9 Aridijis V\u00e1zquez, habr\u00edan cambiado de formar irregular las autorizaciones del inmueble para edificar 808 departamentos en total.<\/p>\n<p>(Informaci\u00f3n de Aristeugui Noticias)<\/p>\n","protected":false},"excerpt":{"rendered":"<p>Redacci\u00f3n\/Zona Roja Cdmx. Ciudad de M\u00e9xico, a 23 de abril de 2023.- La Fiscal\u00eda General&hellip;<\/p>\n","protected":false},"author":2,"featured_media":54450,"comment_status":"closed","ping_status":"open","sticky":false,"template":"","format":"standard","meta":{"_lmt_disableupdate":"","_lmt_disable":"","_jetpack_memberships_contains_paid_content":false,"footnotes":""},"categories":[109,47],"tags":[3520],"class_list":["post-54453","post","type-post","status-publish","format-standard","has-post-thumbnail","hentry","category-minuto-a-minuto","category-zona-gris","tag-christian-von-roehrich"],"jetpack_featured_media_url":"https:\/\/zonaroja.com.mx\/wp-content\/uploads\/2023\/04\/Christian-Von-Roehrich-Cdmx.webp","jetpack_sharing_enabled":true,"_links":{"self":[{"href":"https:\/\/zonaroja.com.mx\/index.php?rest_route=\/wp\/v2\/posts\/54453","targetHints":{"allow":["GET"]}}],"collection":[{"href":"https:\/\/zonaroja.com.mx\/index.php?rest_route=\/wp\/v2\/posts"}],"about":[{"href":"https:\/\/zonaroja.com.mx\/index.php?rest_route=\/wp\/v2\/types\/post"}],"author":[{"embeddable":true,"href":"https:\/\/zonaroja.com.mx\/index.php?rest_route=\/wp\/v2\/users\/2"}],"replies":[{"embeddable":true,"href":"https:\/\/zonaroja.com.mx\/index.php?rest_route=%2Fwp%2Fv2%2Fcomments&post=54453"}],"version-history":[{"count":2,"href":"https:\/\/zonaroja.com.mx\/index.php?rest_route=\/wp\/v2\/posts\/54453\/revisions"}],"predecessor-version":[{"id":54475,"href":"https:\/\/zonaroja.com.mx\/index.php?rest_route=\/wp\/v2\/posts\/54453\/revisions\/54475"}],"wp:featuredmedia":[{"embeddable":true,"href":"https:\/\/zonaroja.com.mx\/index.php?rest_route=\/wp\/v2\/media\/54450"}],"wp:attachment":[{"href":"https:\/\/zonaroja.com.mx\/index.php?rest_route=%2Fwp%2Fv2%2Fmedia&parent=54453"}],"wp:term":[{"taxonomy":"category","embeddable":true,"href":"https:\/\/zonaroja.com.mx\/index.php?rest_route=%2Fwp%2Fv2%2Fcategories&post=54453"},{"taxonomy":"post_tag","embeddable":true,"href":"https:\/\/zonaroja.com.mx\/index.php?rest_route=%2Fwp%2Fv2%2Ftags&post=54453"}],"curies":[{"name":"wp","href":"https:\/\/api.w.org\/{rel}","templated":true}]}}