{"id":54455,"date":"2023-04-23T08:30:31","date_gmt":"2023-04-23T13:30:31","guid":{"rendered":"http:\/\/www.zonaroja.com.mx\/?p=54455"},"modified":"2023-04-23T09:02:08","modified_gmt":"2023-04-23T14:02:08","slug":"54455","status":"publish","type":"post","link":"https:\/\/zonaroja.com.mx\/?p=54455","title":{"rendered":"Ocho asesinados en Tijuana; hallan siete cad\u00e1veres en Canc\u00fan"},"content":{"rendered":"<p>Redacci\u00f3n\/Zona Roja Cdmx.<\/p>\n<p>Ciudad de M\u00e9xico, a 23 de abril de 2023.- Ocho personas fueron asesinadas, entre viernes y s\u00e1bado, durante dos ataques armados perpetrados en diferentes puntos de Tijuana, Baja California, presuntamente relacionados con la delincuencia organizada, informaron fuentes policiales.<\/p>\n<p>De acuerdo con el reporte, desconocidos dispararon la noche del viernes contra cinco personas en un inmueble de la colonia Montes Ol\u00edmpicos; tres de ellas fallecieron en el lugar y recibieron un tiro en la cabeza; una m\u00e1s perdi\u00f3 la vida cuando era trasladada en una ambulancia y otra fue internada en un hospital.<\/p>\n<p>En tanto, la ma\u00f1ana de ayer un comando, que portaba fusiles de asalto, irrumpi\u00f3 en una vivienda ubicada en la secci\u00f3n Cantinero, de Playas de Tijuana, donde ultim\u00f3 a tres hombres y una mujer.<\/p>\n<p>EN CANC\u00daN<\/p>\n<p>En Quintana Roo, la madrugada de este s\u00e1bado elementos de la Fiscal\u00eda General del Estado (FGE) hallaron cuatro cad\u00e1veres dentro de la cisterna de un domicilio localizado en el ejido Alfredo V. Bonfil, a unos ocho kil\u00f3metros de la zona urbana de Canc\u00fan.<\/p>\n<p>Horas m\u00e1s tarde, alrededor de la 10 de la ma\u00f1ana, fueron encontrados otros tres cuerpos en una finca de la misma delegaci\u00f3n, durante un operativo de b\u00fasqueda que realiz\u00f3 en la zona la Fiscal\u00eda Especializada en Desaparici\u00f3n Forzada de Personas.<\/p>\n<p>EN MICHOAC\u00c1N<\/p>\n<p>Mientras, en Michoac\u00e1n, a un costado de la autopista Morelia-Salamanca, a la altura de la cabecera municipal de Cuitzeo, agentes policiales descubrieron los restos de tres hombres y una mujer con impactos de arma de fuego y huellas de tortura.<\/p>\n<p>EN SLP<\/p>\n<p>En el municipio de Moctezuma, San Luis Potos\u00ed, un elemento de la Guardia Civil estatal muri\u00f3 y dos resultaron heridos el pasado viernes en un enfrentamiento que sostuvieron con civiles armados en la localidad de San Mat\u00edas.<\/p>\n<p>Por otra parte, ayer por la ma\u00f1ana, por lo menos ocho veh\u00edculos resultaron da\u00f1ados, uno de ellos incendiado y los dem\u00e1s con impactos de bala, debido a una refriega entre grupos de la delincuencia organizada en Encarnaci\u00f3n de D\u00edaz, demarcaci\u00f3n de los Altos de Jalisco; no hubo reporte de heridos, ni versi\u00f3n oficial de lo sucedido.<\/p>\n<p>SINALOA Y CHIAPAS<\/p>\n<p>Una mujer identificada por sus familiares como Denisse, de 20 a\u00f1os, fue localizada sin vida ayer en un canal en la ciudad de Guam\u00fachil, con marcas de estrangulamiento y golpes, dieron a conocer fuentes de seguridad. La joven estaba desaparecida desde el viernes por la noche, despu\u00e9s de que sali\u00f3 de su domicilio ubicado en el fraccionamiento Valle Bonito para reunirse con unos amigos.<\/p>\n<p>En Chiapas, la FGE inform\u00f3 que personal a su cargo encontr\u00f3 el cad\u00e1ver de Ver\u00f3nica Bianey, de 32 a\u00f1os, en la carretera de cuota San Crist\u00f3bal-Tuxtla Guti\u00e9rrez, a la altura de kil\u00f3metro 35+100; el cuerpo ten\u00eda impactos de bala, precis\u00f3.<\/p>\n<p>(Informaci\u00f3n de \u201cLa Jornada\u201d)<\/p>\n","protected":false},"excerpt":{"rendered":"<p>Redacci\u00f3n\/Zona Roja Cdmx. Ciudad de M\u00e9xico, a 23 de abril de 2023.- Ocho personas fueron&hellip;<\/p>\n","protected":false},"author":2,"featured_media":54458,"comment_status":"closed","ping_status":"open","sticky":false,"template":"","format":"standard","meta":{"_lmt_disableupdate":"","_lmt_disable":"","_jetpack_memberships_contains_paid_content":false,"footnotes":""},"categories":[109,51],"tags":[1746],"class_list":["post-54455","post","type-post","status-publish","format-standard","has-post-thumbnail","hentry","category-minuto-a-minuto","category-zona-roja","tag-violencia-en-mexico"],"jetpack_featured_media_url":"https:\/\/zonaroja.com.mx\/wp-content\/uploads\/2023\/04\/Escena-del-crimen-violencia-asesinato-homicidio.jpeg","jetpack_sharing_enabled":true,"_links":{"self":[{"href":"https:\/\/zonaroja.com.mx\/index.php?rest_route=\/wp\/v2\/posts\/54455","targetHints":{"allow":["GET"]}}],"collection":[{"href":"https:\/\/zonaroja.com.mx\/index.php?rest_route=\/wp\/v2\/posts"}],"about":[{"href":"https:\/\/zonaroja.com.mx\/index.php?rest_route=\/wp\/v2\/types\/post"}],"author":[{"embeddable":true,"href":"https:\/\/zonaroja.com.mx\/index.php?rest_route=\/wp\/v2\/users\/2"}],"replies":[{"embeddable":true,"href":"https:\/\/zonaroja.com.mx\/index.php?rest_route=%2Fwp%2Fv2%2Fcomments&post=54455"}],"version-history":[{"count":2,"href":"https:\/\/zonaroja.com.mx\/index.php?rest_route=\/wp\/v2\/posts\/54455\/revisions"}],"predecessor-version":[{"id":54462,"href":"https:\/\/zonaroja.com.mx\/index.php?rest_route=\/wp\/v2\/posts\/54455\/revisions\/54462"}],"wp:featuredmedia":[{"embeddable":true,"href":"https:\/\/zonaroja.com.mx\/index.php?rest_route=\/wp\/v2\/media\/54458"}],"wp:attachment":[{"href":"https:\/\/zonaroja.com.mx\/index.php?rest_route=%2Fwp%2Fv2%2Fmedia&parent=54455"}],"wp:term":[{"taxonomy":"category","embeddable":true,"href":"https:\/\/zonaroja.com.mx\/index.php?rest_route=%2Fwp%2Fv2%2Fcategories&post=54455"},{"taxonomy":"post_tag","embeddable":true,"href":"https:\/\/zonaroja.com.mx\/index.php?rest_route=%2Fwp%2Fv2%2Ftags&post=54455"}],"curies":[{"name":"wp","href":"https:\/\/api.w.org\/{rel}","templated":true}]}}