{"id":54467,"date":"2023-04-23T13:00:43","date_gmt":"2023-04-23T18:00:43","guid":{"rendered":"http:\/\/www.zonaroja.com.mx\/?p=54467"},"modified":"2023-04-23T18:26:36","modified_gmt":"2023-04-23T23:26:36","slug":"54467","status":"publish","type":"post","link":"https:\/\/zonaroja.com.mx\/?p=54467","title":{"rendered":"Baja nivel de aprobaci\u00f3n de Salom\u00f3n Jara en marzo: Ranking\u00a0Mitofsky"},"content":{"rendered":"<p>Yuridiana Sosa\/Zona Roja. Foto: Virgilio Luis.<\/p>\n<p>Oaxaca de Ju\u00e1rez, Oax., a 22 de abril de 2023.- El desempe\u00f1o del mandatario estatal de Oaxaca, Salom\u00f3n Jara Cruz, fue reprobado por sus gobernantes por cuarta ocasi\u00f3n en lo que va de su gobierno, pero, adem\u00e1s, en marzo su nivel de aprobaci\u00f3n disminuy\u00f3.<\/p>\n<p>De acuerdo con los resultados de Ranking Mitofsky sobre la aprobaci\u00f3n de gobernadores de M\u00e9xico, al mes de marzo 2023, Salom\u00f3n Jara Cruz \u2014del Partido Morena\u2014 recibi\u00f3 una aprobaci\u00f3n de 51.4 por ciento y un 44.6 por ciento de desaprobaci\u00f3n.<\/p>\n<p>La calificaci\u00f3n representa una disminuci\u00f3n de 3.9 puntos respecto al promedio que recibi\u00f3 en febrero, de 55.3 por ciento a su favor, hasta este momento la m\u00e1s alta recibida durante su gobierno que inici\u00f3 el 1 de diciembre de 2022, mes en el obtuvo 49.5 por ciento de aprobaci\u00f3n.<\/p>\n<p>Hasta ahora, Jara Cruz no ha logrado alcanzar las calificaciones aprobatorias de su antecesor del PRI, Alejandro Murat Hinojosa, durante su \u00faltimo a\u00f1o, en el que mantuvo promedios de 55.7 a 56.8, alcanzando la sexta posici\u00f3n nacional.<\/p>\n<p>NACIONAL<\/p>\n<p>En M\u00e9xico la aprobaci\u00f3n promedio de los 32 gobernadores se situ\u00f3 en 50.7 por ciento, dos d\u00e9cimas arriba del mes anterior.<\/p>\n<p>El primer lugar lo ocup\u00f3 el gobernador de Coahuila, Miguel Riquelme, con 62.6 por ciento, seguido por Rub\u00e9n Rocha de Sinaloa con 61.8 por ciento y Ricardo Gallardo de San Luis Potos\u00ed con 61.6 por ciento.<\/p>\n<p>Mientras que, por partidos pol\u00edticos, 10 mandatarios de Morena subieron en aprobaci\u00f3n y 10 bajaron respecto de febrero; tres del PAN incrementaron su porcentaje y dos cayeron; uno del PRI subi\u00f3 y dos disminuyeron; uno de MC subi\u00f3 y uno baj\u00f3, y de los dos de MC, uno avanz\u00f3 y el otro retrocedi\u00f3.<\/p>\n<p>En tanto que el Top 10 se conform\u00f3 por uno del PRI, tres de Morena, uno del PVEM y cinco del PAN.<\/p>\n","protected":false},"excerpt":{"rendered":"<p>Yuridiana Sosa\/Zona Roja. Foto: Virgilio Luis. Oaxaca de Ju\u00e1rez, Oax., a 22 de abril de&hellip;<\/p>\n","protected":false},"author":2,"featured_media":54468,"comment_status":"closed","ping_status":"open","sticky":false,"template":"","format":"standard","meta":{"_lmt_disableupdate":"","_lmt_disable":"","_jetpack_memberships_contains_paid_content":false,"footnotes":""},"categories":[109,47],"tags":[939],"class_list":["post-54467","post","type-post","status-publish","format-standard","has-post-thumbnail","hentry","category-minuto-a-minuto","category-zona-gris","tag-salomon-jara-cruz"],"jetpack_featured_media_url":"https:\/\/zonaroja.com.mx\/wp-content\/uploads\/2023\/04\/Salomon-Jara-foto-Virgilio-Luis.jpeg","jetpack_sharing_enabled":true,"_links":{"self":[{"href":"https:\/\/zonaroja.com.mx\/index.php?rest_route=\/wp\/v2\/posts\/54467","targetHints":{"allow":["GET"]}}],"collection":[{"href":"https:\/\/zonaroja.com.mx\/index.php?rest_route=\/wp\/v2\/posts"}],"about":[{"href":"https:\/\/zonaroja.com.mx\/index.php?rest_route=\/wp\/v2\/types\/post"}],"author":[{"embeddable":true,"href":"https:\/\/zonaroja.com.mx\/index.php?rest_route=\/wp\/v2\/users\/2"}],"replies":[{"embeddable":true,"href":"https:\/\/zonaroja.com.mx\/index.php?rest_route=%2Fwp%2Fv2%2Fcomments&post=54467"}],"version-history":[{"count":3,"href":"https:\/\/zonaroja.com.mx\/index.php?rest_route=\/wp\/v2\/posts\/54467\/revisions"}],"predecessor-version":[{"id":54485,"href":"https:\/\/zonaroja.com.mx\/index.php?rest_route=\/wp\/v2\/posts\/54467\/revisions\/54485"}],"wp:featuredmedia":[{"embeddable":true,"href":"https:\/\/zonaroja.com.mx\/index.php?rest_route=\/wp\/v2\/media\/54468"}],"wp:attachment":[{"href":"https:\/\/zonaroja.com.mx\/index.php?rest_route=%2Fwp%2Fv2%2Fmedia&parent=54467"}],"wp:term":[{"taxonomy":"category","embeddable":true,"href":"https:\/\/zonaroja.com.mx\/index.php?rest_route=%2Fwp%2Fv2%2Fcategories&post=54467"},{"taxonomy":"post_tag","embeddable":true,"href":"https:\/\/zonaroja.com.mx\/index.php?rest_route=%2Fwp%2Fv2%2Ftags&post=54467"}],"curies":[{"name":"wp","href":"https:\/\/api.w.org\/{rel}","templated":true}]}}