{"id":5448,"date":"2019-11-05T09:41:36","date_gmt":"2019-11-05T15:41:36","guid":{"rendered":"https:\/\/www.zonaroja.com.mx\/?p=5448"},"modified":"2019-11-05T09:41:38","modified_gmt":"2019-11-05T15:41:38","slug":"denuncian-agresion-armada-en-chimalapas-por-parte-de-la-guardia-nacional","status":"publish","type":"post","link":"https:\/\/zonaroja.com.mx\/?p=5448","title":{"rendered":"Denuncian agresi\u00f3n armada en Chimalapas por parte de la Guardia Nacional"},"content":{"rendered":"\n<p>Redacci\u00f3n\/Zona Roja.<\/p>\n\n\n\n<p>Oaxaca de Ju\u00e1rez, Oax., 5 de noviembre de 2019.- Integrantes del Comit\u00e9 Nacional para la Defensa y Conservaci\u00f3n de los Chimalapas denunciaron actos de agresi\u00f3n e intimidaci\u00f3n en contra de familias zoques de la congregaci\u00f3n El Quebrachal, realizados por integrantes de la Guardia Nacional.<\/p>\n\n\n\n<p>Por lo anterior, exigieron al gobierno federal que realice de inmediato las investigaciones pertinentes, para dar con los autores materiales e intelectuales de la agresi\u00f3n, que gener\u00f3 p\u00e1nico en la zona particularmente de mujeres, ni\u00f1as y ni\u00f1os que tuvieron que refugiarse en la selva por algunas horas.<\/p>\n\n\n\n<p>\u201cNos adherimos a la exigencia comunal de que el gobierno federal realice de inmediato las investigaciones pertinente, hasta dar con los autores materiales e intelectuales de la agresi\u00f3n, e intervenga y d\u00e9 soluci\u00f3n a la invasi\u00f3n del territorio comunal y la depredaci\u00f3n de sus monta\u00f1as por parte de talamontes, ganaderos y neolatifundistas\u201d, indicaron en un comunicado de prensa.<\/p>\n\n\n\n<p>En el documento dirigido al presidente Andr\u00e9s Manuel L\u00f3pez Obrador y al gobernador de Oaxaca, Alejandro Murat Hinojosa, explicaron que el pasado fin de semana fueron alertados por comuneros de Benito Ju\u00e1rez y San Antonio sobre la presencia de elementos de la \u201cGendarmer\u00eda o del Ej\u00e9rcito\u201d en la zona, particularmente en el n\u00facleo agrario Rodulfo Figueroa y El Quebrachal en donde hab\u00edan efectuado disparos, causando p\u00e1nico entre las familias ind\u00edgenas.<\/p>\n\n\n\n<p>Lo anterior incluso provoc\u00f3 que mujeres, ni\u00f1as y ni\u00f1os se refugiaran en la selva raz\u00f3n por la que solicitaron apoyo para difundir la informaci\u00f3n e incluso para la movilizaci\u00f3n de las congregaciones comunales de San Miguel y Santa Mar\u00eda para gestionar la intervenci\u00f3n de instancias federales.<\/p>\n\n\n\n<p>Detallaron que comuneros de Benito Ju\u00e1rez y San Antonio se movilizaron para hacer frente a la agresi\u00f3n armada, por lo que las patrullas de la \u201cGendarmer\u00eda\u201d se retiraron del lugar sin que la poblaci\u00f3n organizada pudiera alcanzarlos, presuntamente para regresar a Zanatepec donde se hospedan de forma permanente.<\/p>\n\n\n\n<p>Lo anterior qued\u00f3 asentado en actas de hechos realizadas por autoridades de ambas localidades, a la cual solicitaron darle difusi\u00f3n a fin de hacer de conocimiento a las autoridades estatales y federales para que realicen las investigaciones correspondientes y se sancione a los responsables de la agresi\u00f3n en la zona Chimalapa.<br class=\"Apple-interchange-newline\" \/><\/p>\n\n\n\n<p><\/p>\n","protected":false},"excerpt":{"rendered":"<p>Redacci\u00f3n\/Zona Roja. Oaxaca de Ju\u00e1rez, Oax., 5 de noviembre de 2019.- Integrantes del Comit\u00e9 Nacional&hellip;<\/p>\n","protected":false},"author":2,"featured_media":5447,"comment_status":"closed","ping_status":"open","sticky":false,"template":"","format":"standard","meta":{"_lmt_disableupdate":"","_lmt_disable":"","_jetpack_memberships_contains_paid_content":false,"footnotes":""},"categories":[1],"tags":[],"class_list":["post-5448","post","type-post","status-publish","format-standard","has-post-thumbnail","hentry","category-sin-categoria"],"jetpack_featured_media_url":"https:\/\/zonaroja.com.mx\/wp-content\/uploads\/2019\/11\/e785e372-7a7d-40a5-a899-b5ed384fa9c1.jpg","jetpack_sharing_enabled":true,"_links":{"self":[{"href":"https:\/\/zonaroja.com.mx\/index.php?rest_route=\/wp\/v2\/posts\/5448","targetHints":{"allow":["GET"]}}],"collection":[{"href":"https:\/\/zonaroja.com.mx\/index.php?rest_route=\/wp\/v2\/posts"}],"about":[{"href":"https:\/\/zonaroja.com.mx\/index.php?rest_route=\/wp\/v2\/types\/post"}],"author":[{"embeddable":true,"href":"https:\/\/zonaroja.com.mx\/index.php?rest_route=\/wp\/v2\/users\/2"}],"replies":[{"embeddable":true,"href":"https:\/\/zonaroja.com.mx\/index.php?rest_route=%2Fwp%2Fv2%2Fcomments&post=5448"}],"version-history":[{"count":1,"href":"https:\/\/zonaroja.com.mx\/index.php?rest_route=\/wp\/v2\/posts\/5448\/revisions"}],"predecessor-version":[{"id":5449,"href":"https:\/\/zonaroja.com.mx\/index.php?rest_route=\/wp\/v2\/posts\/5448\/revisions\/5449"}],"wp:featuredmedia":[{"embeddable":true,"href":"https:\/\/zonaroja.com.mx\/index.php?rest_route=\/wp\/v2\/media\/5447"}],"wp:attachment":[{"href":"https:\/\/zonaroja.com.mx\/index.php?rest_route=%2Fwp%2Fv2%2Fmedia&parent=5448"}],"wp:term":[{"taxonomy":"category","embeddable":true,"href":"https:\/\/zonaroja.com.mx\/index.php?rest_route=%2Fwp%2Fv2%2Fcategories&post=5448"},{"taxonomy":"post_tag","embeddable":true,"href":"https:\/\/zonaroja.com.mx\/index.php?rest_route=%2Fwp%2Fv2%2Ftags&post=5448"}],"curies":[{"name":"wp","href":"https:\/\/api.w.org\/{rel}","templated":true}]}}