{"id":54482,"date":"2023-04-23T18:25:26","date_gmt":"2023-04-23T23:25:26","guid":{"rendered":"http:\/\/www.zonaroja.com.mx\/?p=54482"},"modified":"2023-04-23T18:27:40","modified_gmt":"2023-04-23T23:27:40","slug":"54482","status":"publish","type":"post","link":"https:\/\/zonaroja.com.mx\/?p=54482","title":{"rendered":"Por tercera vez, AMLO contra Covid y suspende actividades por varios d\u00edas"},"content":{"rendered":"<p>Redacci\u00f3n\/Zona Roja Cdmx. Foto: Diario de Yucat\u00e1n.<\/p>\n<p>Ciudad de M\u00e9xico, a 23 de abril de 2023.- El presidente Andr\u00e9s Manuel L\u00f3pez Obrador (AMLO) anunci\u00f3 que contrajo nuevamente COVID-19, por lo que se alejar\u00e1 unos d\u00edas de las actividades p\u00fablicas y fue la raz\u00f3n por la que tuvo que suspender la gira que emprendi\u00f3 el fin de semana en la pen\u00ednsula sur del pa\u00eds.<\/p>\n<p>Por medio de su cuenta de Twitter, el mandatario mexicano detall\u00f3 que su contagio no est\u00e1 grave y que, adem\u00e1s, su coraz\u00f3n se encuentra al 100; sin embargo, confirm\u00f3 que suspendi\u00f3 su recorrido por el sur de la naci\u00f3n\u2014donde estaba supervisando la construcci\u00f3n del Tren Maya\u2014 para volver a la Ciudad de M\u00e9xico.<\/p>\n<p>En su mensaje el pol\u00edtico tabasque\u00f1o tambi\u00e9n confirm\u00f3 que, aunque ya se encuentra en la capital del pa\u00eds, no podr\u00e1 festejar los 16 a\u00f1os a lado de su hijo menor, Jes\u00fas Ernesto, ya que se mantendr\u00e1 alejado de las actividades de su cargo y personales, por lo que el titular de la Secretar\u00eda de Gobernaci\u00f3n (Segob), Ad\u00e1n Augusto L\u00f3pez Hern\u00e1ndez, encabezar\u00e1 las conferencias ma\u00f1aneras.<\/p>\n<p>\u201cNi modo, amigas y amigos: sal\u00ed positivo a COVID-19. No es grave. Mi coraz\u00f3n est\u00e1 al 100 y como tuve que suspender la gira estoy de lejitos festejo los 16 a\u00f1os de Jes\u00fas Ernesto. Me guardar\u00e9 unos d\u00edas. Ad\u00e1n Augusto L\u00f3pez encabezar\u00e1 las ma\u00f1aneras. Nos vemos pronto\u201d, redact\u00f3 este domingo 23 de abril.<\/p>\n<p>Es la tercera ocasi\u00f3n que el mandatario mexicano se contagia del virus SAR-COV-2. La primera sucedi\u00f3 el 24 de enero de 2021, despu\u00e9s de haber realizado una gira por el estado de Nuevo Le\u00f3n en la que inaugur\u00f3 un cuartel de la Guardia Nacional junto al entonces gobernador Jaime Rodr\u00edguez.<\/p>\n<p>Un a\u00f1o m\u00e1s tarde, el pol\u00edtico tabasque\u00f1o anunci\u00f3 su segundo contagio el 10 de enero de 2022, despu\u00e9s de que apareci\u00f3 en la conferencia ma\u00f1anera de ese mismo d\u00eda con la voz ronca: \u201cS\u00ed, amanec\u00ed ronco, me voy a hacer la prueba m\u00e1s tarde, pero yo creo que es gripa\u201d.<\/p>\n<p>Previo a que L\u00f3pez Obrador confirm\u00f3 su tercer contagios este domingo, comenzaron las dudas sobre su estado de salud, debido a que algunos medios locales de Quinta Roo reportaron que se hab\u00eda desvanecido el mandatario; no obstante, ni presidencia ni la vocer\u00eda confirmaron tal informaci\u00f3n.<\/p>\n<p>La preocupaci\u00f3n fue mayor debido a que el mandatario sufre de hipertensi\u00f3n y en 2013 ya tuvo un infarto, por lo que muchos apuntaron a que esa hab\u00eda sido la raz\u00f3n por la cual cancel\u00f3 su gira de este fin de semana.<\/p>\n<p>Luego del anuncio por el contagio, los pol\u00edticos de la Cuarta Transformaci\u00f3n se posicionaron en redes sociales y desearon pronta recuperaci\u00f3n al mandatario.<\/p>\n<p>Una de las primeras en reaccionar fue la jefa de Gobierno de la Ciudad de M\u00e9xico, Claudia Sheinbaum Pardo, quien en un corto mensaje dese\u00f3 la recuperaci\u00f3n del tabasque\u00f1o: \u201cLe deseamos muy pronta recuperaci\u00f3n con todo nuestro cari\u00f1o\u201d.<\/p>\n<p>De igual forma lo hizo Rosa Icela Rodr\u00edguez Vel\u00e1zquez, titular de la Secretar\u00eda de Seguridad y Protecci\u00f3n Ciudadana (SSPC), quien tambi\u00e9n aprovech\u00f3 para felicitar al hijo menor de AMLO: \u201cDe coraz\u00f3n, le deseamos se recupere pronto. \u00a1Todo saldr\u00e1 bien! Felicidades a Jes\u00fas Ernesto\u201d.<\/p>\n<p>El presidente nacional del Movimiento de Regeneraci\u00f3n Nacional (Morena), Mario Delgado Carrillo, respondi\u00f3 al tuit del presidente asegurando que el pueblo de M\u00e9xico esperar\u00e1 el regreso del mandatario a las actividades p\u00fablicas: \u201cQuerido presidente, @lopezobrador_, el pueblo de M\u00e9xico lo espera. Le deseamos pronta recuperaci\u00f3n. \u00a1\u00c1nimo!\u201d.<\/p>\n<p>Asimismo, la gobernadora de Campeche, Layda Sansores, asegur\u00f3 que la pausa de actividades le va a \u201cvenir bien\u201d debido a que es un nombre que no para de trabajar: \u201cNo para, no deja de trabajar nuestro amado presidente; le va a venir bien esta pausa. Nuestros corazones y energ\u00eda est\u00e1n con \u00e9l. Es un hombre fuerte y estamos seguros de que se recuperar\u00e1 pronto. \u00a1Cu\u00e1nto te queremos, Andr\u00e9s Manuel!\u201d.<\/p>\n<p>(Informaci\u00f3n de Infobae M\u00e9xico)<\/p>\n","protected":false},"excerpt":{"rendered":"<p>Redacci\u00f3n\/Zona Roja Cdmx. Foto: Diario de Yucat\u00e1n. Ciudad de M\u00e9xico, a 23 de abril de&hellip;<\/p>\n","protected":false},"author":2,"featured_media":54483,"comment_status":"closed","ping_status":"open","sticky":false,"template":"","format":"standard","meta":{"_lmt_disableupdate":"","_lmt_disable":"","_jetpack_memberships_contains_paid_content":false,"footnotes":""},"categories":[109,47],"tags":[143],"class_list":["post-54482","post","type-post","status-publish","format-standard","has-post-thumbnail","hentry","category-minuto-a-minuto","category-zona-gris","tag-andres-manuel-lopez-obrador"],"jetpack_featured_media_url":"https:\/\/zonaroja.com.mx\/wp-content\/uploads\/2023\/04\/Andres-Manuel-Lopez-Obrador-Yucatan.jpeg","jetpack_sharing_enabled":true,"_links":{"self":[{"href":"https:\/\/zonaroja.com.mx\/index.php?rest_route=\/wp\/v2\/posts\/54482","targetHints":{"allow":["GET"]}}],"collection":[{"href":"https:\/\/zonaroja.com.mx\/index.php?rest_route=\/wp\/v2\/posts"}],"about":[{"href":"https:\/\/zonaroja.com.mx\/index.php?rest_route=\/wp\/v2\/types\/post"}],"author":[{"embeddable":true,"href":"https:\/\/zonaroja.com.mx\/index.php?rest_route=\/wp\/v2\/users\/2"}],"replies":[{"embeddable":true,"href":"https:\/\/zonaroja.com.mx\/index.php?rest_route=%2Fwp%2Fv2%2Fcomments&post=54482"}],"version-history":[{"count":2,"href":"https:\/\/zonaroja.com.mx\/index.php?rest_route=\/wp\/v2\/posts\/54482\/revisions"}],"predecessor-version":[{"id":54487,"href":"https:\/\/zonaroja.com.mx\/index.php?rest_route=\/wp\/v2\/posts\/54482\/revisions\/54487"}],"wp:featuredmedia":[{"embeddable":true,"href":"https:\/\/zonaroja.com.mx\/index.php?rest_route=\/wp\/v2\/media\/54483"}],"wp:attachment":[{"href":"https:\/\/zonaroja.com.mx\/index.php?rest_route=%2Fwp%2Fv2%2Fmedia&parent=54482"}],"wp:term":[{"taxonomy":"category","embeddable":true,"href":"https:\/\/zonaroja.com.mx\/index.php?rest_route=%2Fwp%2Fv2%2Fcategories&post=54482"},{"taxonomy":"post_tag","embeddable":true,"href":"https:\/\/zonaroja.com.mx\/index.php?rest_route=%2Fwp%2Fv2%2Ftags&post=54482"}],"curies":[{"name":"wp","href":"https:\/\/api.w.org\/{rel}","templated":true}]}}