{"id":54495,"date":"2023-04-24T08:35:04","date_gmt":"2023-04-24T13:35:04","guid":{"rendered":"http:\/\/www.zonaroja.com.mx\/?p=54495"},"modified":"2023-04-24T08:36:43","modified_gmt":"2023-04-24T13:36:43","slug":"54495","status":"publish","type":"post","link":"https:\/\/zonaroja.com.mx\/?p=54495","title":{"rendered":"Tambi\u00e9n en la Villa de Mitla se oponen a tiradero de basura del gobierno"},"content":{"rendered":"<p>Ismael Garc\u00eda M.\/Zona Roja.<\/p>\n<p>Oaxaca de Ju\u00e1rez, Oax., a 24 de abril de 2024.- M\u00e1s de 500 personas de la Villa de Mitla, en su mayor\u00eda provenientes de agencias municipales, acordaron tambi\u00e9n rechazar la instalaci\u00f3n de un tiradero de basura, anunciada por el Gobierno del Estado en San Lorenzo Albarradas.<\/p>\n<p>Ayer por la tarde-noche en la explanada municipal se llev\u00f3 a cabo la reuni\u00f3n, con la presencia de autoridades, en que se tom\u00f3 la determinaci\u00f3n.<\/p>\n<p>Se trata de pobladores de agencias ubicadas en la zona oriente de Mitla, principalmente que colindan con la zona de los Albarradas, y que alegaron en la asamblea que no fueron consultados.<\/p>\n<p>Asimismo, exigieron a la autoridad municipal que encabeza el panista Luis Armando Olivera, que dirija un escrito al gobernador Salom\u00f3n Jara Cruz, donde se exprese que la Villa de Mitla no aprueba la instalaci\u00f3n de dicho basurero.<\/p>\n<p>Mucho menos el paso de camiones recolectores de desechos, pues aseguran que contaminar\u00edan el trayecto, tirando su basura a su paso.<\/p>\n<p>Previo al anuncio por parte del Gobierno del Estado, hecho el pasado lunes, el edil panista fue exhibido v\u00eda redes sociales de azuzar a los pobladores de la zona a no aceptar el vertedero de desechos.<\/p>\n<p>Y la semana pasada, el gobernador Jara Cruz denunci\u00f3 p\u00fablicamente, en conferencia de prensa, la oposici\u00f3n y manipulaci\u00f3n del presidente de Zaachila para oponerse a la llegada de un tiradero en la zona de San Lorenzo Albarradas, donde se asienta el parador tur\u00edstico de Hierve el Agua.<\/p>\n","protected":false},"excerpt":{"rendered":"<p>Ismael Garc\u00eda M.\/Zona Roja. Oaxaca de Ju\u00e1rez, Oax., a 24 de abril de 2024.- M\u00e1s&hellip;<\/p>\n","protected":false},"author":2,"featured_media":54500,"comment_status":"closed","ping_status":"open","sticky":false,"template":"","format":"standard","meta":{"_lmt_disableupdate":"","_lmt_disable":"","_jetpack_memberships_contains_paid_content":false,"footnotes":""},"categories":[109,47],"tags":[3522,1127],"class_list":["post-54495","post","type-post","status-publish","format-standard","has-post-thumbnail","hentry","category-minuto-a-minuto","category-zona-gris","tag-basura","tag-san-pablo-villa-de-mitla"],"jetpack_featured_media_url":"https:\/\/zonaroja.com.mx\/wp-content\/uploads\/2023\/04\/Villa-de-Mitla-asamblea-caso-basurero.jpg","jetpack_sharing_enabled":true,"_links":{"self":[{"href":"https:\/\/zonaroja.com.mx\/index.php?rest_route=\/wp\/v2\/posts\/54495","targetHints":{"allow":["GET"]}}],"collection":[{"href":"https:\/\/zonaroja.com.mx\/index.php?rest_route=\/wp\/v2\/posts"}],"about":[{"href":"https:\/\/zonaroja.com.mx\/index.php?rest_route=\/wp\/v2\/types\/post"}],"author":[{"embeddable":true,"href":"https:\/\/zonaroja.com.mx\/index.php?rest_route=\/wp\/v2\/users\/2"}],"replies":[{"embeddable":true,"href":"https:\/\/zonaroja.com.mx\/index.php?rest_route=%2Fwp%2Fv2%2Fcomments&post=54495"}],"version-history":[{"count":2,"href":"https:\/\/zonaroja.com.mx\/index.php?rest_route=\/wp\/v2\/posts\/54495\/revisions"}],"predecessor-version":[{"id":54502,"href":"https:\/\/zonaroja.com.mx\/index.php?rest_route=\/wp\/v2\/posts\/54495\/revisions\/54502"}],"wp:featuredmedia":[{"embeddable":true,"href":"https:\/\/zonaroja.com.mx\/index.php?rest_route=\/wp\/v2\/media\/54500"}],"wp:attachment":[{"href":"https:\/\/zonaroja.com.mx\/index.php?rest_route=%2Fwp%2Fv2%2Fmedia&parent=54495"}],"wp:term":[{"taxonomy":"category","embeddable":true,"href":"https:\/\/zonaroja.com.mx\/index.php?rest_route=%2Fwp%2Fv2%2Fcategories&post=54495"},{"taxonomy":"post_tag","embeddable":true,"href":"https:\/\/zonaroja.com.mx\/index.php?rest_route=%2Fwp%2Fv2%2Ftags&post=54495"}],"curies":[{"name":"wp","href":"https:\/\/api.w.org\/{rel}","templated":true}]}}