{"id":5450,"date":"2019-11-05T12:57:44","date_gmt":"2019-11-05T18:57:44","guid":{"rendered":"https:\/\/www.zonaroja.com.mx\/?p=5450"},"modified":"2019-11-05T12:57:45","modified_gmt":"2019-11-05T18:57:45","slug":"tras-denuncia-la-ddhpo-dicta-medidas-cautelares-a-favor-de-periodista-amenazado","status":"publish","type":"post","link":"https:\/\/zonaroja.com.mx\/?p=5450","title":{"rendered":"Tras denuncia, la DDHPO dicta medidas cautelares a favor de periodista amenazado"},"content":{"rendered":"\n<p class=\"MsoNormal\">Redacci\u00f3n\/ZonaRoja<\/p>\n\n\n\n<p class=\"MsoNormal\">Oaxaca de Ju\u00e1rez, Oax., 5 de noviembre de 2019.- Luego de la denuncia p\u00fablica por parte de los directivos, la&nbsp;Defensor\u00eda de los Derechos Humanos del Pueblo de Oaxaca (DDHPO) dict\u00f3 medidas cautelares a colaboradores del peri\u00f3dico \u201cEl Imparcial\u201c, luego que este medio diera a conocer diversas amenazas y actos de hostigamiento contra periodistas de esta casa editorial.<\/p>\n\n\n\n<p class=\"MsoNormal\">En un comunicado, indic\u00f3 que los afectados acudieron a la instituci\u00f3n a presentar una queja, por lo que el \u00f3rgano aut\u00f3nomo solicit\u00f3 a autoridades estatales la implementaci\u00f3n de estrategias de seguridad y vigilancia que salvaguarden los derechos humanos de las personas y sus familias.<\/p>\n\n\n\n<p class=\"MsoNormal\">As\u00ed tambi\u00e9n, pidi\u00f3 a la Fiscal\u00eda General de Justicia del Estado inicie una carpeta de investigaci\u00f3n que permita sancionar a las personas que hayan incurrido en un il\u00edcito.<\/p>\n\n\n\n<p class=\"MsoNormal\">El defensor de los Derechos Humanos del Pueblo de Oaxaca, Bernardo Rodr\u00edguez Alamilla se pronunci\u00f3 por el respeto a la libertad de expresi\u00f3n e informaci\u00f3n consagrada en la Constituci\u00f3n Pol\u00edtica, as\u00ed como en tratados internacionales.<\/p>\n\n\n\n<p class=\"MsoNormal\">Destac\u00f3 que el ejercicio libre del periodismo es fundamental en las sociedades democr\u00e1ticas, ya que una poblaci\u00f3n informada est\u00e1 empoderada y cuenta con herramientas de toma de decisiones.<\/p>\n\n\n\n<p class=\"MsoNormal\">Ante ello, dijo, es fundamental que el Estado genere condiciones que garantice a las y los periodistas realizar su trabajo en condiciones de seguridad. De ah\u00ed que refrend\u00f3 el compromiso de la Defensor\u00eda con el gremio de comunicadores.<\/p>\n\n\n\n<p class=\"MsoNormal\">\u201cEl derecho a la informaci\u00f3n es un derecho llave que en su ejercicio se permite atender otros como la salud, educaci\u00f3n, acceso a la justicia y tambi\u00e9n a fomentar una sociedad libre y democr\u00e1tica\u201d, sostuvo.<\/p>\n\n\n\n<p><\/p>\n","protected":false},"excerpt":{"rendered":"<p>Redacci\u00f3n\/ZonaRoja Oaxaca de Ju\u00e1rez, Oax., 5 de noviembre de 2019.- Luego de la denuncia p\u00fablica&hellip;<\/p>\n","protected":false},"author":2,"featured_media":3918,"comment_status":"closed","ping_status":"open","sticky":false,"template":"","format":"standard","meta":{"_lmt_disableupdate":"","_lmt_disable":"","_jetpack_memberships_contains_paid_content":false,"footnotes":""},"categories":[1],"tags":[],"class_list":["post-5450","post","type-post","status-publish","format-standard","has-post-thumbnail","hentry","category-sin-categoria"],"jetpack_featured_media_url":"https:\/\/zonaroja.com.mx\/wp-content\/uploads\/2019\/09\/PHOTO-2019-09-11-23-49-06.jpg","jetpack_sharing_enabled":true,"_links":{"self":[{"href":"https:\/\/zonaroja.com.mx\/index.php?rest_route=\/wp\/v2\/posts\/5450","targetHints":{"allow":["GET"]}}],"collection":[{"href":"https:\/\/zonaroja.com.mx\/index.php?rest_route=\/wp\/v2\/posts"}],"about":[{"href":"https:\/\/zonaroja.com.mx\/index.php?rest_route=\/wp\/v2\/types\/post"}],"author":[{"embeddable":true,"href":"https:\/\/zonaroja.com.mx\/index.php?rest_route=\/wp\/v2\/users\/2"}],"replies":[{"embeddable":true,"href":"https:\/\/zonaroja.com.mx\/index.php?rest_route=%2Fwp%2Fv2%2Fcomments&post=5450"}],"version-history":[{"count":1,"href":"https:\/\/zonaroja.com.mx\/index.php?rest_route=\/wp\/v2\/posts\/5450\/revisions"}],"predecessor-version":[{"id":5451,"href":"https:\/\/zonaroja.com.mx\/index.php?rest_route=\/wp\/v2\/posts\/5450\/revisions\/5451"}],"wp:featuredmedia":[{"embeddable":true,"href":"https:\/\/zonaroja.com.mx\/index.php?rest_route=\/wp\/v2\/media\/3918"}],"wp:attachment":[{"href":"https:\/\/zonaroja.com.mx\/index.php?rest_route=%2Fwp%2Fv2%2Fmedia&parent=5450"}],"wp:term":[{"taxonomy":"category","embeddable":true,"href":"https:\/\/zonaroja.com.mx\/index.php?rest_route=%2Fwp%2Fv2%2Fcategories&post=5450"},{"taxonomy":"post_tag","embeddable":true,"href":"https:\/\/zonaroja.com.mx\/index.php?rest_route=%2Fwp%2Fv2%2Ftags&post=5450"}],"curies":[{"name":"wp","href":"https:\/\/api.w.org\/{rel}","templated":true}]}}