{"id":54505,"date":"2023-04-24T11:56:02","date_gmt":"2023-04-24T16:56:02","guid":{"rendered":"http:\/\/www.zonaroja.com.mx\/?p=54505"},"modified":"2023-04-24T14:46:36","modified_gmt":"2023-04-24T19:46:36","slug":"54505","status":"publish","type":"post","link":"https:\/\/zonaroja.com.mx\/?p=54505","title":{"rendered":"Vac\u00edo y como un \u201celefante blanco\u201d permanece mercado \u201cLula\u2019a\u201d en la capital"},"content":{"rendered":"<p>Yuridiana Sosa\/Zona Roja.<\/p>\n<p>Oaxaca de Ju\u00e1rez, Oax., a 22 de abril de 2023.- A varios meses de ponerse en marcha el mercado \u201cLula\u2019a\u201d en la capital del estado, en inmediaciones de la Central de Abasto de la ciudad de Oaxaca, el gobierno municipal de Francisco Mart\u00ednez Neri no ha logrado un plan para activar este espacio que luce vac\u00edo.<\/p>\n<p>Casi la totalidad de los 218 locales permanecen cerrados en pleno d\u00eda, en horas activas para la vida comercial, en las que en caso contrario en la Central de Abasto o el mercado \u201cL\u00e1zaro C\u00e1rdenas\u201d mantienen la visita constante de clientes.<\/p>\n<p>En este lugar, unos cuantos locales est\u00e1n abiertos, mientras que otros a pesar que mantienen anuncios de su giro o actividad comercial est\u00e1n cerrados; otros solo son ocupados como bodegas.<\/p>\n<p>Varios m\u00e1s cuentan con oficios del ayuntamiento referente a una cita para que el concesionario se presente con la documentaci\u00f3n correspondiente que lo acredita y explique el motivo por el que no ha tenido actividad comercial, rebasando los 90 d\u00edas que establece el reglamento; de no cumplir se proceder\u00e1 a la revocaci\u00f3n.<\/p>\n<p>Pese a ese panorama desalentador, el ambulantaje comienza a tomar terreno a fuera de esta plaza, situaci\u00f3n que se contrapone al objetivo de la construcci\u00f3n del mercado, que fue reubicar o dar espacio a las personas que comercializan en espacios o v\u00eda p\u00fablica del Centro Hist\u00f3rico y en la Central de Abasto.<\/p>\n<div class=\"twitter-tweet\">\n<blockquote class=\"twitter-tweet\" data-lang=\"es\">\n<p lang=\"es\" dir=\"ltr\">El fracaso del <a href=\"https:\/\/twitter.com\/MunicipioOaxaca?ref_src=twsrc%5Etfw\">@MunicipioOaxaca<\/a>: En un \u201celefante blanco\u201d se ha convertido el mercado \u201cLula\u2019a\u201d de la ciudad de Oaxaca, construido por el gobierno federal desde el trienio de Oswaldo Garc\u00eda Jarqu\u00edn y puesto en marcha por <a href=\"https:\/\/twitter.com\/FMartinezNeri?ref_src=twsrc%5Etfw\">@FMartinezNeri<\/a>; en cambio, al frente se han creado m\u00e1s\u2026 <a href=\"https:\/\/t.co\/rwglTw6xEY\">pic.twitter.com\/rwglTw6xEY<\/a><\/p>\n<p>&mdash; Zona Roja Oaxaca (@ZonaRoja_Oaxaca) <a href=\"https:\/\/twitter.com\/ZonaRoja_Oaxaca\/status\/1649864890654552064?ref_src=twsrc%5Etfw\">22 de abril de 2023<\/a><\/p><\/blockquote>\n<\/div>\n<p>Sobre uno de los costados del mercado, una fila de casetas y puestos de l\u00e1minas y maderas ya se apoderan del estacionamiento del lugar, incluso algunos se instalaron sobre el \u00e1rea disponible para discapacitados, donde colocaron pilares met\u00e1licos y un techo de l\u00e1mina.<\/p>\n<p>RECURSO DESPERDICIADO<\/p>\n<p>El mercado mercado \u201cLula\u2019a\u201d se construy\u00f3 en la administraci\u00f3n municipal de Oswaldo Garc\u00eda Jarqu\u00edn con recurso del gobierno federal, a trav\u00e9s de la Secretar\u00eda de Desarrollo Agrario, Territorial y Urbano (Sedatu), por un monto de m\u00e1s de 26.5 millones de pesos.<\/p>\n<p>Fue durante el gobierno municipal a cargo de Francisco Mart\u00ednez Neri que abri\u00f3 sus puertas, sin una inauguraci\u00f3n oficial; para ello se lanz\u00f3 una convocatoria en 2022 para otorgar 218 concesiones para el uso de los espacios, pero para un periodo limitado de tres a\u00f1os.<\/p>\n<p>El poco inter\u00e9s de comerciantes para ocupar uno de esos lugares oblig\u00f3 a la autoridad a extender durante ese a\u00f1o el periodo de convocatoria, en la que uno de los requisitos fue pagar 715 UMAS, un equivalente a m\u00e1s de 68 mil pesos.<\/p>\n","protected":false},"excerpt":{"rendered":"<p>Yuridiana Sosa\/Zona Roja. Oaxaca de Ju\u00e1rez, Oax., a 22 de abril de 2023.- A varios&hellip;<\/p>\n","protected":false},"author":2,"featured_media":54499,"comment_status":"closed","ping_status":"open","sticky":false,"template":"","format":"standard","meta":{"_lmt_disableupdate":"","_lmt_disable":"","_jetpack_memberships_contains_paid_content":false,"footnotes":""},"categories":[109,47],"tags":[2315],"class_list":["post-54505","post","type-post","status-publish","format-standard","has-post-thumbnail","hentry","category-minuto-a-minuto","category-zona-gris","tag-ayuntamiento-de-oaxaca-de-juarez"],"jetpack_featured_media_url":"https:\/\/zonaroja.com.mx\/wp-content\/uploads\/2023\/04\/Mercado-Lula-Oaxaca-de-Juarez.jpg","jetpack_sharing_enabled":true,"_links":{"self":[{"href":"https:\/\/zonaroja.com.mx\/index.php?rest_route=\/wp\/v2\/posts\/54505","targetHints":{"allow":["GET"]}}],"collection":[{"href":"https:\/\/zonaroja.com.mx\/index.php?rest_route=\/wp\/v2\/posts"}],"about":[{"href":"https:\/\/zonaroja.com.mx\/index.php?rest_route=\/wp\/v2\/types\/post"}],"author":[{"embeddable":true,"href":"https:\/\/zonaroja.com.mx\/index.php?rest_route=\/wp\/v2\/users\/2"}],"replies":[{"embeddable":true,"href":"https:\/\/zonaroja.com.mx\/index.php?rest_route=%2Fwp%2Fv2%2Fcomments&post=54505"}],"version-history":[{"count":2,"href":"https:\/\/zonaroja.com.mx\/index.php?rest_route=\/wp\/v2\/posts\/54505\/revisions"}],"predecessor-version":[{"id":54528,"href":"https:\/\/zonaroja.com.mx\/index.php?rest_route=\/wp\/v2\/posts\/54505\/revisions\/54528"}],"wp:featuredmedia":[{"embeddable":true,"href":"https:\/\/zonaroja.com.mx\/index.php?rest_route=\/wp\/v2\/media\/54499"}],"wp:attachment":[{"href":"https:\/\/zonaroja.com.mx\/index.php?rest_route=%2Fwp%2Fv2%2Fmedia&parent=54505"}],"wp:term":[{"taxonomy":"category","embeddable":true,"href":"https:\/\/zonaroja.com.mx\/index.php?rest_route=%2Fwp%2Fv2%2Fcategories&post=54505"},{"taxonomy":"post_tag","embeddable":true,"href":"https:\/\/zonaroja.com.mx\/index.php?rest_route=%2Fwp%2Fv2%2Ftags&post=54505"}],"curies":[{"name":"wp","href":"https:\/\/api.w.org\/{rel}","templated":true}]}}