{"id":54508,"date":"2023-04-24T09:22:17","date_gmt":"2023-04-24T14:22:17","guid":{"rendered":"http:\/\/www.zonaroja.com.mx\/?p=54508"},"modified":"2023-04-24T09:49:27","modified_gmt":"2023-04-24T14:49:27","slug":"54508","status":"publish","type":"post","link":"https:\/\/zonaroja.com.mx\/?p=54508","title":{"rendered":"Las enfermedades de AMLO que dej\u00f3 al descubierto el hackeo a la Sedena"},"content":{"rendered":"<p>Redacci\u00f3n\/Zona Roja Cdmx.<\/p>\n<p>Ciudad de M\u00e9xico, a 24 de abril de 2023.- El 30 de septiembre de 2022 fueron revelados presuntos documentos hackeados a la Secretar\u00eda de la Defensa Nacional (Sedena) que incluyen detalles sobre el estado de salud del presidente Andr\u00e9s Manuel L\u00f3pez Obrador (AMLO).<\/p>\n<p>La salud del presidente volvi\u00f3 a ser noticia este fin de semana en medio de versiones de desmayo, que posteriormente fueron desmentidas para dar paso a la confirmaci\u00f3n de que el mandatario mexicano se hab\u00eda contagiado por tercera vez de Covid-19.<\/p>\n<p>De acuerdo con la informaci\u00f3n difundida ese d\u00eda de septiembre por Carlos Loret de Mola v\u00eda Latinus, el Gobierno Federal habr\u00eda omitido dar cuenta de hospitalizaciones de emergencia y tratamientos m\u00e9dicos del presidente para padecimientos como hipotiroidismo, gota y angina inestable de riesgo alto.<\/p>\n<p>Fueron decenas de miles de correos electr\u00f3nicos, que se encontraban alojados en servidores de la Sedena, los que logr\u00f3 interceptar \u201cGuacamaya\u201d, un grupo internacional de hacktivistas que, presuntamente, tendr\u00eda su origen en la regi\u00f3n de Centroam\u00e9rica.<\/p>\n<p>Como resultado de este ciberataque al gobierno mexicano \u2014el m\u00e1s grave de su historia, en palabras de Loret de Mola\u2014 fueron obtenidas tarjetas informativas, videos, cartas y otros documentos con supuesta informaci\u00f3n confidencial que datan desde 2016 hasta el presente mes de septiembre de 2022.<\/p>\n<p>Seg\u00fan los archivos presentados por el comunicador, el 2 de enero de 2022 la Sedena tuvo que enviar a una ambulancia a\u00e9rea a Palenque, Chiapas, en donde se encuentra el rancho de L\u00f3pez Obrador, de nombre La Chingada.<\/p>\n<p>Consulte m\u00e1s informaci\u00f3n en el enlace de Infobae M\u00e9xico:<\/p>\n<p>https:\/\/www.infobae.com\/america\/mexico\/2023\/04\/24\/las-enfermedades-de-amlo-que-dejo-al-descubierto-el-hackeo-a-la-sedena\/<\/p>\n","protected":false},"excerpt":{"rendered":"<p>Redacci\u00f3n\/Zona Roja Cdmx. Ciudad de M\u00e9xico, a 24 de abril de 2023.- El 30 de&hellip;<\/p>\n","protected":false},"author":2,"featured_media":54513,"comment_status":"closed","ping_status":"open","sticky":false,"template":"","format":"standard","meta":{"_lmt_disableupdate":"","_lmt_disable":"","_jetpack_memberships_contains_paid_content":false,"footnotes":""},"categories":[109,47],"tags":[143],"class_list":["post-54508","post","type-post","status-publish","format-standard","has-post-thumbnail","hentry","category-minuto-a-minuto","category-zona-gris","tag-andres-manuel-lopez-obrador"],"jetpack_featured_media_url":"https:\/\/zonaroja.com.mx\/wp-content\/uploads\/2023\/04\/img_3158.jpg","jetpack_sharing_enabled":true,"_links":{"self":[{"href":"https:\/\/zonaroja.com.mx\/index.php?rest_route=\/wp\/v2\/posts\/54508","targetHints":{"allow":["GET"]}}],"collection":[{"href":"https:\/\/zonaroja.com.mx\/index.php?rest_route=\/wp\/v2\/posts"}],"about":[{"href":"https:\/\/zonaroja.com.mx\/index.php?rest_route=\/wp\/v2\/types\/post"}],"author":[{"embeddable":true,"href":"https:\/\/zonaroja.com.mx\/index.php?rest_route=\/wp\/v2\/users\/2"}],"replies":[{"embeddable":true,"href":"https:\/\/zonaroja.com.mx\/index.php?rest_route=%2Fwp%2Fv2%2Fcomments&post=54508"}],"version-history":[{"count":2,"href":"https:\/\/zonaroja.com.mx\/index.php?rest_route=\/wp\/v2\/posts\/54508\/revisions"}],"predecessor-version":[{"id":54515,"href":"https:\/\/zonaroja.com.mx\/index.php?rest_route=\/wp\/v2\/posts\/54508\/revisions\/54515"}],"wp:featuredmedia":[{"embeddable":true,"href":"https:\/\/zonaroja.com.mx\/index.php?rest_route=\/wp\/v2\/media\/54513"}],"wp:attachment":[{"href":"https:\/\/zonaroja.com.mx\/index.php?rest_route=%2Fwp%2Fv2%2Fmedia&parent=54508"}],"wp:term":[{"taxonomy":"category","embeddable":true,"href":"https:\/\/zonaroja.com.mx\/index.php?rest_route=%2Fwp%2Fv2%2Fcategories&post=54508"},{"taxonomy":"post_tag","embeddable":true,"href":"https:\/\/zonaroja.com.mx\/index.php?rest_route=%2Fwp%2Fv2%2Ftags&post=54508"}],"curies":[{"name":"wp","href":"https:\/\/api.w.org\/{rel}","templated":true}]}}