{"id":54529,"date":"2023-04-24T18:17:19","date_gmt":"2023-04-24T23:17:19","guid":{"rendered":"http:\/\/www.zonaroja.com.mx\/?p=54529"},"modified":"2023-04-24T18:17:22","modified_gmt":"2023-04-24T23:17:22","slug":"incesantes-protestas-en-oaxaca-ante-nula-politica-de-dialogo-y-atencion","status":"publish","type":"post","link":"https:\/\/zonaroja.com.mx\/?p=54529","title":{"rendered":"Incesantes protestas en Oaxaca, ante nula pol\u00edtica de di\u00e1logo y atenci\u00f3n"},"content":{"rendered":"\n<p>Yuridiana Sosa\/Zona Roja.<\/p>\n\n\n\n<p>Oaxaca de Ju\u00e1rez, Oax., a 24 de abril de 2023.- Ciudadanos, organizaciones y autoridades municipales de diversas partes de la entidad se movilizaron este lunes contra el gobierno de Salom\u00f3n Jara por las desatenciones y por ignorar las demandas de la poblaci\u00f3n.<\/p>\n\n\n\n<p>La jornada de protesta de este inicio de semana comenz\u00f3 desde temprana hora por parte de autoridades municipales emanadas del PRD en las ocho regiones del estado y organizaciones sociales simpatizantes, quienes llegaron a Palacio de Gobierno.<\/p>\n\n\n\n<p>Desde el inicio del gobierno, Salom\u00f3n Jara no ha recibido a las autoridades en mesa de di\u00e1logo ni a organizaciones de la oposici\u00f3n, pese a las m\u00faltiples peticiones, por lo que recurrieron a la manifestaci\u00f3n para exigir una mesa de di\u00e1logo y entregar sus pliegos de demandas.<\/p>\n\n\n\n<p>Los gritos de inconformidad afuera del recinto del Poder Ejecutivo hicieron eco en la conferencia matutina del mandatario, momento en el que tambi\u00e9n golpearon las puertas del inmueble.<\/p>\n\n\n\n<p>Para el \u201cplant\u00f3n\u201d llegaron ba\u00f1os m\u00f3viles que se instalaron sobre la calle de Flores Mag\u00f3n. Despu\u00e9s de las 14:00 horas, a falta de atenci\u00f3n por parte del Gobierno del Estado, a trav\u00e9s del Secretar\u00eda de Gobierno, iniciaron los bloqueos a vialidades.<\/p>\n\n\n\n<p>Comenz\u00f3 con el Perif\u00e9rico esquina con Miguel Cabrera, cerca del parque del Amor; poco despu\u00e9s se extendi\u00f3 hacia la avenida Eduardo Mata con S\u00edmbolos Patrios y Bustamante.<\/p>\n\n\n\n<figure class=\"wp-block-embed is-type-rich is-provider-twitter wp-block-embed-twitter\"><div class=\"wp-block-embed__wrapper\">\n<div class=\"twitter-tweet\"><blockquote class=\"twitter-tweet\" data-lang=\"es\"><p lang=\"es\" dir=\"ltr\"><a href=\"https:\/\/twitter.com\/hashtag\/%C3%9AltimoMinuto?src=hash&amp;ref_src=twsrc%5Etfw\">#\u00daltimoMinuto<\/a><br>Autoridades municipales, legisladoras del PRD y pobladores extiende su bloqueo en otros puntos del Perif\u00e9rico sur de la ciudad de <a href=\"https:\/\/twitter.com\/hashtag\/Oaxaca?src=hash&amp;ref_src=twsrc%5Etfw\">#Oaxaca<\/a>. <br>La <a href=\"https:\/\/twitter.com\/SEGO_Oax?ref_src=twsrc%5Etfw\">@SEGO_Oax<\/a>, rebasada por m\u00faltiples protestas de bloqueos en la capital y en el Istmo. <a href=\"https:\/\/t.co\/6fk8Z2NXLB\">pic.twitter.com\/6fk8Z2NXLB<\/a><\/p>&mdash; Zona Roja Oaxaca (@ZonaRoja_Oaxaca) <a href=\"https:\/\/twitter.com\/ZonaRoja_Oaxaca\/status\/1650609093458165760?ref_src=twsrc%5Etfw\">24 de abril de 2023<\/a><\/blockquote><\/div>\n<\/div><\/figure>\n\n\n\n<p>POR BASURA<\/p>\n\n\n\n<p>Por otra parte, habitantes de las colonias vecinas a las riberas del r\u00edo \u201cAtoyac\u201d se manifestaron frente a Palacio de Gobierno para exigir al gobierno el retiro de basurero a cielo abierto que desde hace m\u00e1s de seis meses inici\u00f3 CATEM.<\/p>\n\n\n\n<p>Los vecinos refirieron los graves da\u00f1os al medio ambiente y el peligro de la salud en sus colonias por ese punto de contaminaci\u00f3n que ha ameritado la evacuaci\u00f3n de menores de edad de sus centros escolares por la quema de esa basura.<\/p>\n\n\n\n<p>Los afectados apuntaron que viven una situaci\u00f3n desesperante pues no hay autoridad municipal o estatal que atienda el problema.<\/p>\n\n\n\n<figure class=\"wp-block-embed is-type-rich is-provider-twitter wp-block-embed-twitter\"><div class=\"wp-block-embed__wrapper\">\n<div class=\"twitter-tweet\"><blockquote class=\"twitter-tweet\" data-lang=\"es\"><p lang=\"es\" dir=\"ltr\"><a href=\"https:\/\/twitter.com\/hashtag\/%C3%9AltimoMinuto?src=hash&amp;ref_src=twsrc%5Etfw\">#\u00daltimoMinuto<\/a><br>No cesan los denuncias y exigencias contra el <a href=\"https:\/\/twitter.com\/GobOax?ref_src=twsrc%5Etfw\">@goboax<\/a>, ahora por parte de habitantes de colonias aleda\u00f1as al r\u00edo \u201cAtoyac\u201d, que demandan el retiro de la basura que amonton\u00f3 CATEM desde m\u00e1s de hace seis meses. <a href=\"https:\/\/t.co\/xxWsB9zlwp\">pic.twitter.com\/xxWsB9zlwp<\/a><\/p>&mdash; Zona Roja Oaxaca (@ZonaRoja_Oaxaca) <a href=\"https:\/\/twitter.com\/ZonaRoja_Oaxaca\/status\/1650551781271777316?ref_src=twsrc%5Etfw\">24 de abril de 2023<\/a><\/blockquote><\/div>\n<\/div><\/figure>\n\n\n\n<p>M\u00c1S PROTESTAS<\/p>\n\n\n\n<p>A su vez, un grupo de pobladores encabezado por el diputado C\u00e9sar Mateos, del Partido Morena, se manifestaron de manera pac\u00edfica contra el corporativo Femsa y las tiendas Oxxo, por la venta de alimentos \u201cchatarra\u201d y bebidas en envases de un s\u00f3lo uso, prohibido por las leyes de Oaxaca.<\/p>\n\n\n\n<p>Con la consigna \u201cClausurado por atentar contra la vida y la salud\u201d, los activistas se\u00f1alaron la falta de la aplicaci\u00f3n de las leyes estatales bajo el amparo del Poder Judicial a favor de las grandes empresas.<\/p>\n\n\n\n<p>El legislador record\u00f3 que en 2020 se aprob\u00f3 la ley \u201cantichatarra\u201d en el Congreso de Oaxaca, para evitar la venta de alimentos chatarra a menores de edad, lo que incluso fue reconocido a nivel nacional.<\/p>\n\n\n\n<p>Mientras que en 2019 se aprob\u00f3 la ley \u201cantidesechable\u201d, que proh\u00edbe la venta de productos y bebidas en envases o contenedores de un solo uso, a excepci\u00f3n de los referentes al uso m\u00e9dico y educativo.<\/p>\n\n\n\n<p>En ambos casos, la empresa de las tiendas de conveniencia se pasa por alto las leyes en la entidad.<\/p>\n\n\n\n<figure class=\"wp-block-embed is-type-rich is-provider-twitter wp-block-embed-twitter\"><div class=\"wp-block-embed__wrapper\">\n<div class=\"twitter-tweet\"><blockquote class=\"twitter-tweet\" data-lang=\"es\"><p lang=\"es\" dir=\"ltr\"><a href=\"https:\/\/twitter.com\/hashtag\/%C3%9AltimoMinuto?src=hash&amp;ref_src=twsrc%5Etfw\">#\u00daltimoMinuto<\/a><br>Mientras tanto, trabajadores jubilados por la Federaci\u00f3n, protestaron esta ma\u00f1ana para exigir al <a href=\"https:\/\/twitter.com\/ISSSTE_mx?ref_src=twsrc%5Etfw\">@ISSSTE_mx<\/a> la dotaci\u00f3n de medicamentos para personas con c\u00e1ncer y contrataci\u00f3n de especialistas. Vea: <a href=\"https:\/\/t.co\/zdnTXcmMDn\">pic.twitter.com\/zdnTXcmMDn<\/a><\/p>&mdash; Zona Roja Oaxaca (@ZonaRoja_Oaxaca) <a href=\"https:\/\/twitter.com\/ZonaRoja_Oaxaca\/status\/1650560100296425472?ref_src=twsrc%5Etfw\">24 de abril de 2023<\/a><\/blockquote><\/div>\n<\/div><\/figure>\n\n\n\n<p>CONTRA EL ISSSTE<\/p>\n\n\n\n<p>Por otro lado, integrantes del colectivo \u201cMujeres de Luz\u201d se inconformaron en el jard\u00edn \u201cConzatti\u201d para exigir su derecho a la salud, el cual se ve violentado en el Hospital General \u201cPresidente Ju\u00e1rez\u201d del ISSSTE.<\/p>\n\n\n\n<p>Las mujeres sobrevivientes de c\u00e1ncer, y voceras de cientos de pacientes en el transcurso de la enfermedad, se\u00f1alaron que desde el 2020 existe deficiencia en la atenci\u00f3n m\u00e9dica por falta de especialistas.<\/p>\n\n\n\n<p>Pese a que desde noviembre de este a\u00f1o realizaron gestiones para que el hospital acelerara la contrataci\u00f3n de un onc\u00f3logo, hasta el momento no existe soluci\u00f3n y los pacientes son canalizados a otras \u00e1reas para dar seguimiento al padecimiento.<\/p>\n\n\n\n<p>Sin embargo, no existen especialistas que interpreten tomograf\u00edas ni ultrasonidos, lo que dificulta una adecuada atenci\u00f3n. Todo ello afecta a unos 40 pacientes que de manera diaria llegan a consulta por un tipo de c\u00e1ncer.<\/p>\n\n\n\n<p>En tanto que, en la regi\u00f3n del Istmo, habitantes iniciaron un bloqueo en la carretera Panor\u00e1mica en el tramo Niltepec \u2013Tapanatepec, en inmediaciones de la poblaci\u00f3n del Huamul, lo que impide el paso al estado de Chiapas.<\/p>\n\n\n\n<figure class=\"wp-block-embed is-type-rich is-provider-twitter wp-block-embed-twitter\"><div class=\"wp-block-embed__wrapper\">\n<div class=\"twitter-tweet\"><blockquote class=\"twitter-tweet\" data-lang=\"es\"><p lang=\"es\" dir=\"ltr\"><a href=\"https:\/\/twitter.com\/hashtag\/ENVIVO?src=hash&amp;ref_src=twsrc%5Etfw\">#ENVIVO<\/a><br>Organismos de la sociedad civil y defensores procesan en contra el corporativo internacional Femsa y las tiendas Oxxo, por la venta indiscriminada de alimentos \u201cchatarra\u201d y por no respetar las leyes ambientales.<br>\ud83d\udc47<a href=\"https:\/\/t.co\/t5Wtl64sjG\">https:\/\/t.co\/t5Wtl64sjG<\/a> <a href=\"https:\/\/t.co\/60mmXlB5G3\">pic.twitter.com\/60mmXlB5G3<\/a><\/p>&mdash; Zona Roja Oaxaca (@ZonaRoja_Oaxaca) <a href=\"https:\/\/twitter.com\/ZonaRoja_Oaxaca\/status\/1650539100028510210?ref_src=twsrc%5Etfw\">24 de abril de 2023<\/a><\/blockquote><\/div>\n<\/div><\/figure>\n","protected":false},"excerpt":{"rendered":"<p>Yuridiana Sosa\/Zona Roja. Oaxaca de Ju\u00e1rez, Oax., a 24 de abril de 2023.- Ciudadanos, organizaciones&hellip;<\/p>\n","protected":false},"author":2,"featured_media":54530,"comment_status":"closed","ping_status":"open","sticky":false,"template":"","format":"standard","meta":{"_lmt_disableupdate":"","_lmt_disable":"","_jetpack_memberships_contains_paid_content":false,"footnotes":""},"categories":[109,47],"tags":[2264],"class_list":["post-54529","post","type-post","status-publish","format-standard","has-post-thumbnail","hentry","category-minuto-a-minuto","category-zona-gris","tag-bloqueos-y-protestas-oaxaca"],"jetpack_featured_media_url":"https:\/\/zonaroja.com.mx\/wp-content\/uploads\/2023\/04\/Bloqueos-perredistas-ciudad-de-Oaxaca.jpg","jetpack_sharing_enabled":true,"_links":{"self":[{"href":"https:\/\/zonaroja.com.mx\/index.php?rest_route=\/wp\/v2\/posts\/54529","targetHints":{"allow":["GET"]}}],"collection":[{"href":"https:\/\/zonaroja.com.mx\/index.php?rest_route=\/wp\/v2\/posts"}],"about":[{"href":"https:\/\/zonaroja.com.mx\/index.php?rest_route=\/wp\/v2\/types\/post"}],"author":[{"embeddable":true,"href":"https:\/\/zonaroja.com.mx\/index.php?rest_route=\/wp\/v2\/users\/2"}],"replies":[{"embeddable":true,"href":"https:\/\/zonaroja.com.mx\/index.php?rest_route=%2Fwp%2Fv2%2Fcomments&post=54529"}],"version-history":[{"count":1,"href":"https:\/\/zonaroja.com.mx\/index.php?rest_route=\/wp\/v2\/posts\/54529\/revisions"}],"predecessor-version":[{"id":54531,"href":"https:\/\/zonaroja.com.mx\/index.php?rest_route=\/wp\/v2\/posts\/54529\/revisions\/54531"}],"wp:featuredmedia":[{"embeddable":true,"href":"https:\/\/zonaroja.com.mx\/index.php?rest_route=\/wp\/v2\/media\/54530"}],"wp:attachment":[{"href":"https:\/\/zonaroja.com.mx\/index.php?rest_route=%2Fwp%2Fv2%2Fmedia&parent=54529"}],"wp:term":[{"taxonomy":"category","embeddable":true,"href":"https:\/\/zonaroja.com.mx\/index.php?rest_route=%2Fwp%2Fv2%2Fcategories&post=54529"},{"taxonomy":"post_tag","embeddable":true,"href":"https:\/\/zonaroja.com.mx\/index.php?rest_route=%2Fwp%2Fv2%2Ftags&post=54529"}],"curies":[{"name":"wp","href":"https:\/\/api.w.org\/{rel}","templated":true}]}}