{"id":54537,"date":"2023-04-24T19:51:27","date_gmt":"2023-04-25T00:51:27","guid":{"rendered":"http:\/\/www.zonaroja.com.mx\/?p=54537"},"modified":"2023-04-24T19:51:32","modified_gmt":"2023-04-25T00:51:32","slug":"exigen-retiro-del-basurero-clandestino-en-riberas-del-atoyac-asegura-jara-que-se-clausuro","status":"publish","type":"post","link":"https:\/\/zonaroja.com.mx\/?p=54537","title":{"rendered":"Exigen retiro del basurero clandestino en riberas del \u201cAtoyac\u201d; asegura Jara que se clausur\u00f3"},"content":{"rendered":"\n<p>Yuridiana Sosa\/Zona Roja.<\/p>\n\n\n\n<p>Oaxaca de Ju\u00e1rez, Oax. a 24 de abril de 2023.- Habitantes de las colonias vecinas a las riberas del r\u00edo \u201cAtoyac\u201d se manifestaron hoy en repudio al basurero a cielo abierto instalado en ese espacio desde hace nueve meses y del cual exigen al gobierno estatal y municipal su retiro.<\/p>\n\n\n\n<p>En unidad, los representantes de las colonias Art\u00edculo 123, Arboledas, Cosijoeza y Barrio la Soledad, adem\u00e1s de las escuelas primarias \u201cVicente Guerrero\u201d, \u201cPatria Libertad\u201d y el jard\u00edn de ni\u00f1os \u201cJean Piaguet\u201d, alzaron la voz contra la omisi\u00f3n de las autoridades, mientras que ellos reciben los da\u00f1os a su salud.<\/p>\n\n\n\n<p>Frente a Palacio de Gobierno, en conferencia de prensa, acusaron la incompetencia del gobierno de Salom\u00f3n Jara y del municipal a cargo de Francisco Mart\u00ednez Neri, quienes permiten la operatividad del tiradero abierto y administrado por CATEM desde el cierre parcial del basurero de Villa de Zaachila en julio de 2022.<\/p>\n\n\n\n<p>Los vecinos se\u00f1alaron los graves da\u00f1os a la salud que genera el tiradero en la zona, adem\u00e1s de los problemas ambientales, por los que tambi\u00e9n han evacuado a los estudiantes de las escuelas por la quema de espacios en el basurero.<\/p>\n\n\n\n<p>\u201cParece que esa zona es el patio trasero del municipio\u201d, apuntaron los inconformes ante el olvido desde hace varios a\u00f1os del gobierno municipal a La ribera del r\u00edo, donde no hay acciones a favor de medio ambiente ni de la poblaci\u00f3n aleda\u00f1a.<\/p>\n\n\n\n<figure class=\"wp-block-embed is-type-rich is-provider-twitter wp-block-embed-twitter\"><div class=\"wp-block-embed__wrapper\">\n<div class=\"twitter-tweet\"><blockquote class=\"twitter-tweet\" data-lang=\"es\"><p lang=\"es\" dir=\"ltr\"><a href=\"https:\/\/twitter.com\/hashtag\/%C3%9AltimoMinuto?src=hash&amp;ref_src=twsrc%5Etfw\">#\u00daltimoMinuto<\/a><br>No cesan los denuncias y exigencias contra el <a href=\"https:\/\/twitter.com\/GobOax?ref_src=twsrc%5Etfw\">@goboax<\/a>, ahora por parte de habitantes de colonias aleda\u00f1as al r\u00edo \u201cAtoyac\u201d, que demandan el retiro de la basura que amonton\u00f3 CATEM desde m\u00e1s de hace seis meses. <a href=\"https:\/\/t.co\/xxWsB9zlwp\">pic.twitter.com\/xxWsB9zlwp<\/a><\/p>&mdash; Zona Roja Oaxaca (@ZonaRoja_Oaxaca) <a href=\"https:\/\/twitter.com\/ZonaRoja_Oaxaca\/status\/1650551781271777316?ref_src=twsrc%5Etfw\">24 de abril de 2023<\/a><\/blockquote><\/div>\n<\/div><\/figure>\n\n\n\n<p>VERSI\u00d3N OFICIAL<\/p>\n\n\n\n<p>Por su parte, el gobernador de Oaxaca, Salom\u00f3n Jara Cruz, anunci\u00f3 que el tiradero de la ribera del r\u00edo \u201cAtoyac\u201d, ya fue clausurado, sin precisar desde hace cu\u00e1nto tiempo o si se aplicar\u00e1n sanciones a las organizaciones que lo operaban.<\/p>\n\n\n\n<p>Durante la conferencia matutina de este lunes, el mandatario asegur\u00f3 que el problema de la basura en la zona metropolitana se atiende, y en el caso particular del basurero en la capital esta semana inician los trabajos para limpiar el \u00e1rea.<\/p>\n\n\n\n<p>\u201cEn el caso del play\u00f3n del r\u00edo ya lo cerramos, no podemos permitir que sigan tirando basura en la zona\u2026esta semana iniciamos la limpieza, no vamos a permitir que pase ning\u00fan transporte que tire basura\u201d asever\u00f3 Jara Cruz.<\/p>\n\n\n\n<p>\u201cNos lo heredaron (el problema), nos dejaron una situaci\u00f3n muy complicada, pero nosotros con responsabilidad lo vamos a hacer\u201d, indic\u00f3 y agreg\u00f3 que el tema del basurero compete tambi\u00e9n a todos los municipios de la zona metropolitana.<\/p>\n\n\n\n<p>Sobre el antiguo basurero en Zaachila, dijo que contin\u00faan las pl\u00e1ticas con los vecinos de la agencia de Vicente Guerrero y colonias vecinas para el saneamiento del lugar.\u00a0<\/p>\n\n\n\n<figure class=\"wp-block-embed is-type-rich is-provider-twitter wp-block-embed-twitter\"><div class=\"wp-block-embed__wrapper\">\n<div class=\"twitter-tweet\"><blockquote class=\"twitter-tweet\" data-lang=\"es\"><p lang=\"es\" dir=\"ltr\">\u201cYa est\u00e1 clausurado\u201d, afirm\u00f3 esta ma\u00f1ana el gobernador <a href=\"https:\/\/twitter.com\/salomonj?ref_src=twsrc%5Etfw\">@salomonj<\/a> respecto al tiradero clandestino de CATEM en la margen del r\u00edo \u201cAtoyac\u201d, en el que tambi\u00e9n participaron, seg\u00fan el mandatario, afiliados a la CTM.<br>Se va a iniciar el retiro de desechos esta semana, dijo; no obstante,\u2026 <a href=\"https:\/\/t.co\/Tn5Bx08rDx\">pic.twitter.com\/Tn5Bx08rDx<\/a><\/p>&mdash; Zona Roja Oaxaca (@ZonaRoja_Oaxaca) <a href=\"https:\/\/twitter.com\/ZonaRoja_Oaxaca\/status\/1650586430681366537?ref_src=twsrc%5Etfw\">24 de abril de 2023<\/a><\/blockquote><\/div>\n<\/div><\/figure>\n","protected":false},"excerpt":{"rendered":"<p>Yuridiana Sosa\/Zona Roja. Oaxaca de Ju\u00e1rez, Oax. a 24 de abril de 2023.- Habitantes de&hellip;<\/p>\n","protected":false},"author":2,"featured_media":54540,"comment_status":"closed","ping_status":"open","sticky":false,"template":"","format":"standard","meta":{"_lmt_disableupdate":"","_lmt_disable":"","_jetpack_memberships_contains_paid_content":false,"footnotes":""},"categories":[109,47],"tags":[148],"class_list":["post-54537","post","type-post","status-publish","format-standard","has-post-thumbnail","hentry","category-minuto-a-minuto","category-zona-gris","tag-oaxaca-de-juarez"],"jetpack_featured_media_url":"https:\/\/zonaroja.com.mx\/wp-content\/uploads\/2023\/04\/Protesta-basurero-Oaxaca-capital.jpg","jetpack_sharing_enabled":true,"_links":{"self":[{"href":"https:\/\/zonaroja.com.mx\/index.php?rest_route=\/wp\/v2\/posts\/54537","targetHints":{"allow":["GET"]}}],"collection":[{"href":"https:\/\/zonaroja.com.mx\/index.php?rest_route=\/wp\/v2\/posts"}],"about":[{"href":"https:\/\/zonaroja.com.mx\/index.php?rest_route=\/wp\/v2\/types\/post"}],"author":[{"embeddable":true,"href":"https:\/\/zonaroja.com.mx\/index.php?rest_route=\/wp\/v2\/users\/2"}],"replies":[{"embeddable":true,"href":"https:\/\/zonaroja.com.mx\/index.php?rest_route=%2Fwp%2Fv2%2Fcomments&post=54537"}],"version-history":[{"count":1,"href":"https:\/\/zonaroja.com.mx\/index.php?rest_route=\/wp\/v2\/posts\/54537\/revisions"}],"predecessor-version":[{"id":54541,"href":"https:\/\/zonaroja.com.mx\/index.php?rest_route=\/wp\/v2\/posts\/54537\/revisions\/54541"}],"wp:featuredmedia":[{"embeddable":true,"href":"https:\/\/zonaroja.com.mx\/index.php?rest_route=\/wp\/v2\/media\/54540"}],"wp:attachment":[{"href":"https:\/\/zonaroja.com.mx\/index.php?rest_route=%2Fwp%2Fv2%2Fmedia&parent=54537"}],"wp:term":[{"taxonomy":"category","embeddable":true,"href":"https:\/\/zonaroja.com.mx\/index.php?rest_route=%2Fwp%2Fv2%2Fcategories&post=54537"},{"taxonomy":"post_tag","embeddable":true,"href":"https:\/\/zonaroja.com.mx\/index.php?rest_route=%2Fwp%2Fv2%2Ftags&post=54537"}],"curies":[{"name":"wp","href":"https:\/\/api.w.org\/{rel}","templated":true}]}}