{"id":54542,"date":"2023-04-24T22:22:22","date_gmt":"2023-04-25T03:22:22","guid":{"rendered":"http:\/\/www.zonaroja.com.mx\/?p=54542"},"modified":"2023-04-24T22:22:25","modified_gmt":"2023-04-25T03:22:25","slug":"indagan-desfalco-en-sso-y-desvio-de-pagos-de-isr-ya-ho-hay-adeudo-con-trabajadores","status":"publish","type":"post","link":"https:\/\/zonaroja.com.mx\/?p=54542","title":{"rendered":"Indagan desfalco en SSO y desv\u00edo de pagos de ISR; ya ho hay adeudo con trabajadores"},"content":{"rendered":"\n<p>Redacci\u00f3n\/Zona Roja.<\/p>\n\n\n\n<p>Oaxaca de Ju\u00e1rez, Oax., a 24 de abril de 2023.- El Gobierno del Estado indaga un probable desfalco de aproximadamente nueve mil millones de pesos en los Servicios de Salud de Oaxaca, durante el sexenio anterior.<\/p>\n\n\n\n<p>Adem\u00e1s, llevar\u00e1 hasta las \u00faltimas consecuencias el presunto desv\u00edo del pago de Impuestos Sobre el Trabajo (ISR), inform\u00f3 esta ma\u00f1ana el gobernador Salom\u00f3n Jara Cruz, durante su conferencia matutina.<\/p>\n\n\n\n<p>A pregunta expresa, detall\u00f3 que ya no hay pagos pendientes a trabajadores de los Servicios de Salud y se mantiene una relaci\u00f3n cordial con la Secci\u00f3n 35 del Sindicato Nacional de Trabajadores de la Secretar\u00eda de Salud.<\/p>\n\n\n\n<p>\u201cNo se adeuda a nadie, se ha cubierto a todos los trabajadores; s\u00ed, por ah\u00ed, lo coment\u00e9 la vez pasada; tambi\u00e9n hay resistencia, ya lo dije, ah\u00ed en la Jefatura de Pagos.<\/p>\n\n\n\n<p>\u201cNos tienen qu\u00e9 informar d\u00f3nde qued\u00f3 la bolita con respecto al ISR y vamos a preguntar d\u00f3nde qued\u00f3 la bolita. Ya coment\u00e9, \u00bfverdad?, que de 35 millones de pesos s\u00f3lo pagaron 15 millones y hacen falta 18 millones, d\u00f3nde qued\u00f3 la bolita.<\/p>\n\n\n\n<p>\u201cEstamos esperando, no nos podemos ahorita adelantar; se pueden decir muchas cosas, pero ya se les pag\u00f3 a todas y todos\u201d, dijo a pregunta expresa.<\/p>\n\n\n\n<p>Fue la semana pasada en que por presuntas irregularidades, se suscit\u00f3 un paro de labores por 48 horas por parte de sindicalizados del sector salud; tras ello, el gobierno estatal, aclar\u00f3 que fue por un cambio en la modalidad de pago, debido a irregularidades que detectaron en el manejo de la n\u00f3mina.<\/p>\n\n\n\n<figure class=\"wp-block-embed is-type-rich is-provider-twitter wp-block-embed-twitter\"><div class=\"wp-block-embed__wrapper\">\n<div class=\"twitter-tweet\"><blockquote class=\"twitter-tweet\" data-lang=\"es\"><p lang=\"es\" dir=\"ltr\">Sobre la queja de la semana pasada en los <a href=\"https:\/\/twitter.com\/SSO_GobOax?ref_src=twsrc%5Etfw\">@SSO_GobOax<\/a>, el gobernador <a href=\"https:\/\/twitter.com\/salomonj?ref_src=twsrc%5Etfw\">@salomonj<\/a> inform\u00f3 en su conferencia que no se adeudan sueldos y salarios; descart\u00f3 irregularidades y dijo que hay buena relaci\u00f3n con la Secci\u00f3n 35 del Sindicato de Salud; se investiga el caso del pago incompleto\u2026 <a href=\"https:\/\/t.co\/K4IK0N4GBa\">pic.twitter.com\/K4IK0N4GBa<\/a><\/p>&mdash; Zona Roja Oaxaca (@ZonaRoja_Oaxaca) <a href=\"https:\/\/twitter.com\/ZonaRoja_Oaxaca\/status\/1650629076774797313?ref_src=twsrc%5Etfw\">24 de abril de 2023<\/a><\/blockquote><\/div>\n<\/div><\/figure>\n","protected":false},"excerpt":{"rendered":"<p>Redacci\u00f3n\/Zona Roja. Oaxaca de Ju\u00e1rez, Oax., a 24 de abril de 2023.- El Gobierno del&hellip;<\/p>\n","protected":false},"author":2,"featured_media":54544,"comment_status":"closed","ping_status":"open","sticky":false,"template":"","format":"standard","meta":{"_lmt_disableupdate":"","_lmt_disable":"","_jetpack_memberships_contains_paid_content":false,"footnotes":""},"categories":[109,46],"tags":[1005],"class_list":["post-54542","post","type-post","status-publish","format-standard","has-post-thumbnail","hentry","category-minuto-a-minuto","category-zona-blanca","tag-servicios-de-salud-de-oaxaca-sso"],"jetpack_featured_media_url":"https:\/\/zonaroja.com.mx\/wp-content\/uploads\/2023\/04\/FOTO-2-Hay-confianza-en-la-estrategia-nacional-de-seguridad-publica-Gobernador-Salomon-Jara.jpg","jetpack_sharing_enabled":true,"_links":{"self":[{"href":"https:\/\/zonaroja.com.mx\/index.php?rest_route=\/wp\/v2\/posts\/54542","targetHints":{"allow":["GET"]}}],"collection":[{"href":"https:\/\/zonaroja.com.mx\/index.php?rest_route=\/wp\/v2\/posts"}],"about":[{"href":"https:\/\/zonaroja.com.mx\/index.php?rest_route=\/wp\/v2\/types\/post"}],"author":[{"embeddable":true,"href":"https:\/\/zonaroja.com.mx\/index.php?rest_route=\/wp\/v2\/users\/2"}],"replies":[{"embeddable":true,"href":"https:\/\/zonaroja.com.mx\/index.php?rest_route=%2Fwp%2Fv2%2Fcomments&post=54542"}],"version-history":[{"count":1,"href":"https:\/\/zonaroja.com.mx\/index.php?rest_route=\/wp\/v2\/posts\/54542\/revisions"}],"predecessor-version":[{"id":54545,"href":"https:\/\/zonaroja.com.mx\/index.php?rest_route=\/wp\/v2\/posts\/54542\/revisions\/54545"}],"wp:featuredmedia":[{"embeddable":true,"href":"https:\/\/zonaroja.com.mx\/index.php?rest_route=\/wp\/v2\/media\/54544"}],"wp:attachment":[{"href":"https:\/\/zonaroja.com.mx\/index.php?rest_route=%2Fwp%2Fv2%2Fmedia&parent=54542"}],"wp:term":[{"taxonomy":"category","embeddable":true,"href":"https:\/\/zonaroja.com.mx\/index.php?rest_route=%2Fwp%2Fv2%2Fcategories&post=54542"},{"taxonomy":"post_tag","embeddable":true,"href":"https:\/\/zonaroja.com.mx\/index.php?rest_route=%2Fwp%2Fv2%2Ftags&post=54542"}],"curies":[{"name":"wp","href":"https:\/\/api.w.org\/{rel}","templated":true}]}}