{"id":54547,"date":"2023-04-25T09:15:00","date_gmt":"2023-04-25T14:15:00","guid":{"rendered":"http:\/\/www.zonaroja.com.mx\/?p=54547"},"modified":"2023-04-25T08:17:13","modified_gmt":"2023-04-25T13:17:13","slug":"localizan-un-cuerpo-de-dos-arrastrados-por-el-rio-en-matatlan-oaxaca","status":"publish","type":"post","link":"https:\/\/zonaroja.com.mx\/?p=54547","title":{"rendered":"Localizan un cuerpo, de dos arrastrados por el r\u00edo en Matatl\u00e1n, Oaxaca"},"content":{"rendered":"\n<p>Redacci\u00f3n\/Zona Roja.<\/p>\n\n\n\n<p>Oaxaca de Ju\u00e1rez, Oax., a 25 de abril de 2023.- El cuerpo sin vida de una persona, de dos arrastradas por la corriente de un r\u00edo en Santiago Matatl\u00e1n, Oaxaca, fue hallado anoche.<\/p>\n\n\n\n<p>De acuerdo con la Coordinaci\u00f3n Estatal de Protecci\u00f3n Civil del Gobierno del Estado, ayer por la tarde una camioneta intent\u00f3 cruzar el r\u00edo \u201cSalado\u201d de dicho municipio de la regi\u00f3n Valles Centrales.<\/p>\n\n\n\n<p>Sin embargo, la fuerte corriente arrastr\u00f3 la unidad de motor en que viajaban seis personas, seg\u00fan la versi\u00f3n oficial \u2014cinco, del acuerdo con los pobladores\u2014, por lo que se iniciaron las acciones de rescate.<\/p>\n\n\n\n<p>Las personas rescatadas fueron identificadas como Dorian Miguel Garc\u00eda Olivera, de 15 a\u00f1os; Jes\u00fas Alberto Olivera Garc\u00eda, de 30 a\u00f1os, y Marcos Garc\u00eda Mart\u00ednez, de 32 a\u00f1os de edad; mientras que los desaparecidos son Santos Pablo y Joel Hern\u00e1ndez Santiago, este \u00faltimo ya localizado sin vida.<\/p>\n\n\n\n<p>Anoche, Protecci\u00f3n Civil estatal inform\u00f3 que, ante la falta de condiciones y el desconocimiento del terreno, la autoridad inform\u00f3 que pausaron las actividades de b\u00fasqueda; pero se reanudar\u00e1n en cuanto las condiciones lo permitan.<\/p>\n\n\n\n<p>La ma\u00f1ana de este martes corporaciones policiacas y de protecci\u00f3n civil municipal como estatal, reanudan las labores de b\u00fasqueda.<\/p>\n\n\n\n<p>Por otra parte, autoridades municipales de Candelaria Loxicha, regi\u00f3n de la Costa, localizaron ayer un cuerpo sin vida flotando en un r\u00edo, presuntamente ahogado. Hasta el momento no ha sido identificado.<\/p>\n","protected":false},"excerpt":{"rendered":"<p>Redacci\u00f3n\/Zona Roja. Oaxaca de Ju\u00e1rez, Oax., a 25 de abril de 2023.- El cuerpo sin&hellip;<\/p>\n","protected":false},"author":2,"featured_media":54543,"comment_status":"closed","ping_status":"open","sticky":false,"template":"","format":"standard","meta":{"_lmt_disableupdate":"","_lmt_disable":"","_jetpack_memberships_contains_paid_content":false,"footnotes":""},"categories":[109,47],"tags":[331],"class_list":["post-54547","post","type-post","status-publish","format-standard","has-post-thumbnail","hentry","category-minuto-a-minuto","category-zona-gris","tag-santiago-matatlan"],"jetpack_featured_media_url":"https:\/\/zonaroja.com.mx\/wp-content\/uploads\/2023\/04\/Rio-arrastra-camioneta-y-a-dos-en-Matatlan.jpg","jetpack_sharing_enabled":true,"_links":{"self":[{"href":"https:\/\/zonaroja.com.mx\/index.php?rest_route=\/wp\/v2\/posts\/54547","targetHints":{"allow":["GET"]}}],"collection":[{"href":"https:\/\/zonaroja.com.mx\/index.php?rest_route=\/wp\/v2\/posts"}],"about":[{"href":"https:\/\/zonaroja.com.mx\/index.php?rest_route=\/wp\/v2\/types\/post"}],"author":[{"embeddable":true,"href":"https:\/\/zonaroja.com.mx\/index.php?rest_route=\/wp\/v2\/users\/2"}],"replies":[{"embeddable":true,"href":"https:\/\/zonaroja.com.mx\/index.php?rest_route=%2Fwp%2Fv2%2Fcomments&post=54547"}],"version-history":[{"count":1,"href":"https:\/\/zonaroja.com.mx\/index.php?rest_route=\/wp\/v2\/posts\/54547\/revisions"}],"predecessor-version":[{"id":54548,"href":"https:\/\/zonaroja.com.mx\/index.php?rest_route=\/wp\/v2\/posts\/54547\/revisions\/54548"}],"wp:featuredmedia":[{"embeddable":true,"href":"https:\/\/zonaroja.com.mx\/index.php?rest_route=\/wp\/v2\/media\/54543"}],"wp:attachment":[{"href":"https:\/\/zonaroja.com.mx\/index.php?rest_route=%2Fwp%2Fv2%2Fmedia&parent=54547"}],"wp:term":[{"taxonomy":"category","embeddable":true,"href":"https:\/\/zonaroja.com.mx\/index.php?rest_route=%2Fwp%2Fv2%2Fcategories&post=54547"},{"taxonomy":"post_tag","embeddable":true,"href":"https:\/\/zonaroja.com.mx\/index.php?rest_route=%2Fwp%2Fv2%2Ftags&post=54547"}],"curies":[{"name":"wp","href":"https:\/\/api.w.org\/{rel}","templated":true}]}}