{"id":54549,"date":"2023-04-25T10:17:00","date_gmt":"2023-04-25T15:17:00","guid":{"rendered":"http:\/\/www.zonaroja.com.mx\/?p=54549"},"modified":"2023-04-25T08:19:09","modified_gmt":"2023-04-25T13:19:09","slug":"rechaza-seccion-22-del-snte-traslado-de-educacion-indigena-de-la-sep-al-inpi","status":"publish","type":"post","link":"https:\/\/zonaroja.com.mx\/?p=54549","title":{"rendered":"Rechaza Secci\u00f3n 22 del SNTE traslado de educaci\u00f3n ind\u00edgena de la SEP al INPI\u00a0"},"content":{"rendered":"\n<p>Ismael Garc\u00eda M.\/Zona Roja.<\/p>\n\n\n\n<p>Oaxaca de Ju\u00e1rez, Oax., a 25 de abril de 2023.- La Asamblea Estatal de la Secci\u00f3n 22 del Sindicato Nacional de Trabajadores de la Educaci\u00f3n (SNTE) acord\u00f3 reforzar sus movilizaciones, tanto por una modificaci\u00f3n legal que pretende el Congreso de la Uni\u00f3n sobre educaci\u00f3n ind\u00edgena, como por la entrega de su pliego petitorio.<\/p>\n\n\n\n<p>La reuni\u00f3n de los representantes del magisterio inici\u00f3 la tarde del s\u00e1bado y culmin\u00f3 la madrugada del pasado domingo, en que se determin\u00f3 rechazar la Iniciativa de ley por el que se reforman, adicionan y derogan diversas disposiciones de distintos ordenamientos en materia de simplificaci\u00f3n org\u00e1nica, que emite el Ejecutivo federal respecto a la transici\u00f3n de la Direcci\u00f3n General de Educaci\u00f3n Ind\u00edgena, Intercultural y Biling\u00fce, de la Secretar\u00eda de Educaci\u00f3n P\u00fablica (SEP) al Instituto Nacional de los Pueblos Ind\u00edgenas (INPI).<\/p>\n\n\n\n<p>De la misma manera, refrend\u00f3 el respaldo pol\u00edtico, administrativo y jur\u00eddico a los docentes y trabajadores del nivel de educaci\u00f3n ind\u00edgena.<\/p>\n\n\n\n<p>Adem\u00e1s, acord\u00f3 realizar una movilizaci\u00f3n masiva el 1 de mayo, en el marco del D\u00eda Internacional del Trabajo, para dar cobertura a la entrega de su pliego petitorio al Gobierno del Estado, con la participaci\u00f3n del 80 por ciento de su membres\u00eda, mientras que el resto se trasladar\u00e1 a la Ciudad de M\u00e9xico para actividad similar.<\/p>\n\n\n\n<p>Tambi\u00e9n para el 15 de mayo, D\u00eda del Maestro, har\u00e1 una movilizaci\u00f3n masiva, con todos los afiliados a la Secci\u00f3n 22.<\/p>\n\n\n\n<p>Las protestas tambi\u00e9n masivas iniciar\u00e1n cuando se discuta en en el Poder Legislativo federal la Iniciativa de ley respecto a la transici\u00f3n de la Direcci\u00f3n General de Educaci\u00f3n Ind\u00edgena, Intercultural y Biling\u00fce.<\/p>\n\n\n\n<p>Entre otros acuerdos, la Asamblea Estatal aval\u00f3 la ruta de la convocatoria para el ingreso de los normalistas al sistema educativo y que la Secci\u00f3n 22 ser\u00e1 vigilante de todo el proceso para dar certeza a los egresados.<\/p>\n\n\n\n<p>Respecto a las tareas, la gremial de la regi\u00f3n del Istmo dar\u00e1 cobertura, ma\u00f1ana mi\u00e9rcoles, a la caravana \u201cEl Sur Resiste\u201d, en la localidad de Puente Madera, San Blas Atempa.<\/p>\n\n\n\n<p>Ma\u00f1ana, se prev\u00e9 una conferencia de prensa respecto la modificaci\u00f3n legislativa por la que se pretende trasladar el nivel de educaci\u00f3n ind\u00edgena de a SEP al Instituto Nacional de Pueblos Ind\u00edgenas.<\/p>\n\n\n\n<p>Entre los pronunciamientos, reiter\u00f3 su exigencia del esclarecimiento del asesinato del profesor Adalberto Nicol\u00e1s Cervantes, ultimado a balazos la semana pasada en la Heroica Ciudad de Tlaxiaco.<\/p>\n\n\n\n<p>As\u00ed como en contra de Leonel Manzano Sosa, reivindicado en su momento por el magisterio como preso pol\u00edtico y ahora es subsecretario Acad\u00e9mico de la Secretar\u00eda de Educaci\u00f3n de Oaxaca.<\/p>\n","protected":false},"excerpt":{"rendered":"<p>Ismael Garc\u00eda M.\/Zona Roja. Oaxaca de Ju\u00e1rez, Oax., a 25 de abril de 2023.- La&hellip;<\/p>\n","protected":false},"author":2,"featured_media":53072,"comment_status":"closed","ping_status":"open","sticky":false,"template":"","format":"standard","meta":{"_lmt_disableupdate":"","_lmt_disable":"","_jetpack_memberships_contains_paid_content":false,"footnotes":""},"categories":[109,47],"tags":[312],"class_list":["post-54549","post","type-post","status-publish","format-standard","has-post-thumbnail","hentry","category-minuto-a-minuto","category-zona-gris","tag-seccion-22-del-snte"],"jetpack_featured_media_url":"https:\/\/zonaroja.com.mx\/wp-content\/uploads\/2023\/03\/Asamblea-Seccion-22-del-SNTE.jpg","jetpack_sharing_enabled":true,"_links":{"self":[{"href":"https:\/\/zonaroja.com.mx\/index.php?rest_route=\/wp\/v2\/posts\/54549","targetHints":{"allow":["GET"]}}],"collection":[{"href":"https:\/\/zonaroja.com.mx\/index.php?rest_route=\/wp\/v2\/posts"}],"about":[{"href":"https:\/\/zonaroja.com.mx\/index.php?rest_route=\/wp\/v2\/types\/post"}],"author":[{"embeddable":true,"href":"https:\/\/zonaroja.com.mx\/index.php?rest_route=\/wp\/v2\/users\/2"}],"replies":[{"embeddable":true,"href":"https:\/\/zonaroja.com.mx\/index.php?rest_route=%2Fwp%2Fv2%2Fcomments&post=54549"}],"version-history":[{"count":1,"href":"https:\/\/zonaroja.com.mx\/index.php?rest_route=\/wp\/v2\/posts\/54549\/revisions"}],"predecessor-version":[{"id":54550,"href":"https:\/\/zonaroja.com.mx\/index.php?rest_route=\/wp\/v2\/posts\/54549\/revisions\/54550"}],"wp:featuredmedia":[{"embeddable":true,"href":"https:\/\/zonaroja.com.mx\/index.php?rest_route=\/wp\/v2\/media\/53072"}],"wp:attachment":[{"href":"https:\/\/zonaroja.com.mx\/index.php?rest_route=%2Fwp%2Fv2%2Fmedia&parent=54549"}],"wp:term":[{"taxonomy":"category","embeddable":true,"href":"https:\/\/zonaroja.com.mx\/index.php?rest_route=%2Fwp%2Fv2%2Fcategories&post=54549"},{"taxonomy":"post_tag","embeddable":true,"href":"https:\/\/zonaroja.com.mx\/index.php?rest_route=%2Fwp%2Fv2%2Ftags&post=54549"}],"curies":[{"name":"wp","href":"https:\/\/api.w.org\/{rel}","templated":true}]}}