{"id":5455,"date":"2019-11-05T19:41:03","date_gmt":"2019-11-06T01:41:03","guid":{"rendered":"http:\/\/www.zonaroja.com.mx\/?p=5455"},"modified":"2019-11-05T19:41:06","modified_gmt":"2019-11-06T01:41:06","slug":"debaten-sobre-el-uso-y-consumo-de-la-mariguana-en-congreso-de-oaxaca","status":"publish","type":"post","link":"https:\/\/zonaroja.com.mx\/?p=5455","title":{"rendered":"Debaten sobre el uso y consumo de la mariguana en Congreso de Oaxaca"},"content":{"rendered":"\n<p>Evlin\nArag\u00f3n\/ <\/p>\n\n\n\n<p>Oaxaca de\nJu\u00e1rez, Oax., 5 de noviembre de 2019.- A iniciativa del diputado Horacio Sosa\nVillavicencio, este martes en la sede del Congreso local se llev\u00f3 a cabo el\nconversatorio \u201cEl renacimiento del cannabis. La ciencia v\u00e1lida la tradici\u00f3n, con\nla presencia de expertos en diversos usos de la planta, que incluso se\nconsidera sagrada en alguna culturas.<\/p>\n\n\n\n<p>Steve de\nAngelo, Andrew de Angelo, Vicente Berlanga Garc\u00eda, Daniel Ram\u00edrez L\u00f3pez y Pedro\nNicoletti Motta compartieron informaci\u00f3n sobre el uso medicinal y en la\nproducci\u00f3n de alimentos que tiene la cannabis, entre muchos m\u00e1s ya que la\nplanta ha resultado tener infinidad de propiedad que pueden ser utilizadas en\nbeneficio de la poblaci\u00f3n.<\/p>\n\n\n\n<p>Durante la inauguraci\u00f3n del foro se record\u00f3 al artista juchiteco, Francisco Toledo, quien impuls\u00f3 la realizaci\u00f3n del primer foro estatal para discutir sobre los usos de la planta y la necesidad de legislar al respecto, a quien incluso le brindaron un minuto de silencio por a\u00fan reciente fallecimiento. <\/p>\n\n\n\n<figure class=\"wp-block-embed-twitter wp-block-embed is-type-rich is-provider-twitter\"><div class=\"wp-block-embed__wrapper\">\n<div class=\"twitter-tweet\"><blockquote class=\"twitter-tweet\" data-lang=\"es\"><p lang=\"es\" dir=\"ltr\">A iniciativa del diputado <a href=\"https:\/\/twitter.com\/HoracioSosaOax?ref_src=twsrc%5Etfw\">@HoracioSosaOax<\/a>, en la sede del <a href=\"https:\/\/twitter.com\/CongresoOaxLXIV?ref_src=twsrc%5Etfw\">@CongresoOaxLXIV<\/a> se lleva a cabo un conversatorio denominado \u201cEl renacimiento del cannabis\u201d, foro in\u00e9dito en que se debaten usos y prohibiciones de la planta. <a href=\"https:\/\/t.co\/vWLEUhQWfg\">pic.twitter.com\/vWLEUhQWfg<\/a><\/p>&mdash; Zona Roja Oaxaca (@MexRoja) <a href=\"https:\/\/twitter.com\/MexRoja\/status\/1191780775257104385?ref_src=twsrc%5Etfw\">5 de noviembre de 2019<\/a><\/blockquote><\/div>\n<\/div><\/figure>\n\n\n\n<p>El diputado\nlocal Horacio Sosa asegur\u00f3 que la 64 Legislatura del Congreso local se ha\ncaracterizado por su apertura a los temas que son de relevancia en la sociedad\ny se ponen a consideraci\u00f3n de las y los ciudadanos, en particular la discusi\u00f3n\nde la legalizaci\u00f3n de la mariguana se discute a nivel nacional y Oaxaca no se\npuede quedar atr\u00e1s en la discusi\u00f3n. <\/p>\n\n\n\n<p>\u201cOaxaca no\nes ajeno al tema del cannabis o mariguana como nosotros la conocemos, ya que en\nla entidad somos productores y consumidores, hemos visto que la econom\u00eda en la\nSierra Sur y Valles Centrales hay que reconocer tiene que ver con la producci\u00f3n\nde la planta, que en algunas comunidades es llamada milagrosa\u201d, dijo.<\/p>\n\n\n\n<p>Sosa\nVillavicencio indic\u00f3 que es necesario que las y los diputados aclaren sus dudas\nen materias de salud con expertos en el tema, para tomar decisiones\nresponsables y con bases acad\u00e9micas y cient\u00edficas a la hora de legislar a favor\nde la ciudadan\u00eda oaxaque\u00f1a.<\/p>\n\n\n\n<p>Por su parte,\nSteve de Angelo, activista por los derechos del cannabis y defensor de la\nreforma para su uso en Estados Unidos, asegur\u00f3 que independiente del consumo,\nel an\u00e1lisis debe ir m\u00e1s all\u00e1 ya que cient\u00edficamente se ha comprobado que la\nplanta cuenta con muchas propiedades que diversifican su uso. <\/p>\n\n\n\n<p>Incluso detall\u00f3 que de los \u00faltimos descubrimientos se ha comprobado que algunos de los componentes de la cannabis se encuentran ya en nuestro organismo, lo que la hacen efectiva en el tratamiento de muchos malestares y enfermedades, por lo que la discusi\u00f3n de su legalizaci\u00f3n debe verse de forma m\u00e1s amplia y no solo dejarse llevar por el uso recreativo y combate al narcotr\u00e1fico.<\/p>\n\n\n\n<figure class=\"wp-block-embed-twitter wp-block-embed is-type-rich is-provider-twitter\"><div class=\"wp-block-embed__wrapper\">\n<div class=\"twitter-tweet\"><blockquote class=\"twitter-tweet\" data-lang=\"es\"><p lang=\"es\" dir=\"ltr\">Expertos como Steve De Angelo, activista por los derechos de la mariguana en los Estados Unidos de Norteam\u00e9rica, participan en el conversatorio \u201cEl renacimiento del cannabis\u201d, organizado por el <a href=\"https:\/\/twitter.com\/CongresoOaxLXIV?ref_src=twsrc%5Etfw\">@CongresoOaxLXIV<\/a>, a trav\u00e9s del diputado <a href=\"https:\/\/twitter.com\/HoracioSosaOax?ref_src=twsrc%5Etfw\">@HoracioSosaOax<\/a>. <a href=\"https:\/\/t.co\/0ltXs6SsYo\">pic.twitter.com\/0ltXs6SsYo<\/a><\/p>&mdash; Zona Roja Oaxaca (@MexRoja) <a href=\"https:\/\/twitter.com\/MexRoja\/status\/1191787410520248321?ref_src=twsrc%5Etfw\">5 de noviembre de 2019<\/a><\/blockquote><\/div>\n<\/div><\/figure>\n","protected":false},"excerpt":{"rendered":"<p>Evlin Arag\u00f3n\/ Oaxaca de Ju\u00e1rez, Oax., 5 de noviembre de 2019.- A iniciativa del diputado&hellip;<\/p>\n","protected":false},"author":2,"featured_media":5456,"comment_status":"closed","ping_status":"open","sticky":false,"template":"","format":"standard","meta":{"_lmt_disableupdate":"","_lmt_disable":"","_jetpack_memberships_contains_paid_content":false,"footnotes":""},"categories":[109,47],"tags":[213,444],"class_list":["post-5455","post","type-post","status-publish","format-standard","has-post-thumbnail","hentry","category-minuto-a-minuto","category-zona-gris","tag-64-legislatura-de-oaxaca","tag-horacio-sosa-villavicencio"],"jetpack_featured_media_url":"https:\/\/zonaroja.com.mx\/wp-content\/uploads\/2019\/11\/Conversatorio-cannabis.jpg","jetpack_sharing_enabled":true,"_links":{"self":[{"href":"https:\/\/zonaroja.com.mx\/index.php?rest_route=\/wp\/v2\/posts\/5455","targetHints":{"allow":["GET"]}}],"collection":[{"href":"https:\/\/zonaroja.com.mx\/index.php?rest_route=\/wp\/v2\/posts"}],"about":[{"href":"https:\/\/zonaroja.com.mx\/index.php?rest_route=\/wp\/v2\/types\/post"}],"author":[{"embeddable":true,"href":"https:\/\/zonaroja.com.mx\/index.php?rest_route=\/wp\/v2\/users\/2"}],"replies":[{"embeddable":true,"href":"https:\/\/zonaroja.com.mx\/index.php?rest_route=%2Fwp%2Fv2%2Fcomments&post=5455"}],"version-history":[{"count":1,"href":"https:\/\/zonaroja.com.mx\/index.php?rest_route=\/wp\/v2\/posts\/5455\/revisions"}],"predecessor-version":[{"id":5457,"href":"https:\/\/zonaroja.com.mx\/index.php?rest_route=\/wp\/v2\/posts\/5455\/revisions\/5457"}],"wp:featuredmedia":[{"embeddable":true,"href":"https:\/\/zonaroja.com.mx\/index.php?rest_route=\/wp\/v2\/media\/5456"}],"wp:attachment":[{"href":"https:\/\/zonaroja.com.mx\/index.php?rest_route=%2Fwp%2Fv2%2Fmedia&parent=5455"}],"wp:term":[{"taxonomy":"category","embeddable":true,"href":"https:\/\/zonaroja.com.mx\/index.php?rest_route=%2Fwp%2Fv2%2Fcategories&post=5455"},{"taxonomy":"post_tag","embeddable":true,"href":"https:\/\/zonaroja.com.mx\/index.php?rest_route=%2Fwp%2Fv2%2Ftags&post=5455"}],"curies":[{"name":"wp","href":"https:\/\/api.w.org\/{rel}","templated":true}]}}