{"id":54551,"date":"2023-04-25T08:29:50","date_gmt":"2023-04-25T13:29:50","guid":{"rendered":"http:\/\/www.zonaroja.com.mx\/?p=54551"},"modified":"2023-04-25T08:29:53","modified_gmt":"2023-04-25T13:29:53","slug":"cometian-delitos-a-bordo-de-un-taxi-colectivo-los-detuvieron-en-santa-lucia-del-camino","status":"publish","type":"post","link":"https:\/\/zonaroja.com.mx\/?p=54551","title":{"rendered":"Comet\u00edan delitos a bordo de un taxi colectivo; los detuvieron en Santa Luc\u00eda del Camino"},"content":{"rendered":"\n<p>Redacci\u00f3n\/Zona Roja.<\/p>\n\n\n\n<p>Oaxaca de Ju\u00e1rez, Oax., a 25 de abril de 2023.- Elementos de la Polic\u00eda Vial Municipal de Santa Luc\u00eda del Camino lograron la detenci\u00f3n de dos personas que a bordo de un taxi del servicio p\u00fablico robaron en diversas tiendas; en esta acci\u00f3n de detenci\u00f3n r\u00e1pida, coadyuv\u00f3 la ciudadan\u00eda, quienes proceder\u00e1n a interponer su denuncia.&nbsp;<\/p>\n\n\n\n<p>Siendo al mediod\u00eda de ayer, en el Centro de Control y Comando C-2 del ayuntamiento se recibi\u00f3 una denuncia en la cual, se\u00f1alaban a una persona de sexo masculino que de manera sospechosa hab\u00eda descendido de un taxi color azul con blanco sobre avenida L\u00e1zaro C\u00e1rdenas a la altura de farmacias \u201cPaquito\u201d por lo que ped\u00edan su revisi\u00f3n, cuando al n\u00famero de emergencia 9-1-1 reportaron que unos sujetos con las mismas caracter\u00edsticas hab\u00edan robado en la papeler\u00eda \u201cLa Nena\u201d a la altura del CBTIS 123, obteniendo con ello, m\u00e1s caracter\u00edsticas.<\/p>\n\n\n\n<p>Uno de los sujetos en menci\u00f3n hab\u00eda intentado llevarse productos del establecimiento antes mencionado, pero al no lograr su cometido se dieron a la fuga en el taxi azul con blanco.&nbsp;<\/p>\n\n\n\n<p>Fue en ese momento que elementos de la Polic\u00eda Vial Municipal visualizaron al taxi con n\u00famero econ\u00f3mico 03-391, sobre avenida L\u00e1zaro C\u00e1rdenas y Calicanto cuando les marcaron el alto y al momento de detenerse, uno de los tripulantes emprendi\u00f3 la huida.<\/p>\n\n\n\n<p>Ya sobre el andador Santa Luc\u00eda esquina bordo del r\u00edo \u201cChiquito\u201d continuaron con su persecuci\u00f3n logrando la detenci\u00f3n de Samuel. G. CH. de 40 a\u00f1os, originario de Mat\u00edas Romero. Mientras tanto el taxista se dio a la fuga sobre Calicanto y a la altura de avenida L\u00e1zaro C\u00e1rdenas y Siracuza, detuvieron su marcha y aseguraron a Lorenzo H. C. de 62 a\u00f1os.<\/p>\n\n\n\n<p>Momentos despu\u00e9s en el C-2 se recibieron varios reportes se\u00f1alando a los ahora detenidos como los responsables de otros robos como el suscitado en el comedor \u201cSaborcito\u201d en el cual, hab\u00edan entrado a los sanitarios y posteriormente se retiraron sin consumir nada; minutos despu\u00e9s el due\u00f1o se percat\u00f3 que le faltaba la cantidad de mil pesos.&nbsp;<\/p>\n\n\n\n<p>As\u00ed tambi\u00e9n; el propietario de la tienda \u201cBodeguita de San Lu\u00eds\u201d ingresaron los mismos sujetos y le sustrajeron un celular.<\/p>\n\n\n\n<p>Al palacio municipal llegaron las partes afectadas quienes los identificaron y ratificaron su denuncia; por lo que fueron detenidos y asegurada la unidad de motor (Taxi sitio \u201cSanta Cruz Amilpas\u201d) y puestos a disposici\u00f3n de la Fiscal\u00eda General del Estado de por el delito de robo y dem\u00e1s que se configuren.<\/p>\n\n\n\n<p>La autoridad municipal que encabeza el presidente municipal Juan Carlos Garc\u00eda M\u00e1rquez, agradece la participaci\u00f3n ciudadana a trav\u00e9s de la denuncia y pide a las y los ciudadanos de Santa Luc\u00eda del Camino que si identifica a los detenidos, acudan a interponer la misma.<\/p>\n","protected":false},"excerpt":{"rendered":"<p>Redacci\u00f3n\/Zona Roja. Oaxaca de Ju\u00e1rez, Oax., a 25 de abril de 2023.- Elementos de la&hellip;<\/p>\n","protected":false},"author":2,"featured_media":54552,"comment_status":"closed","ping_status":"open","sticky":false,"template":"","format":"standard","meta":{"_lmt_disableupdate":"","_lmt_disable":"","_jetpack_memberships_contains_paid_content":false,"footnotes":""},"categories":[109,46],"tags":[337],"class_list":["post-54551","post","type-post","status-publish","format-standard","has-post-thumbnail","hentry","category-minuto-a-minuto","category-zona-blanca","tag-santa-lucia-del-camino"],"jetpack_featured_media_url":"https:\/\/zonaroja.com.mx\/wp-content\/uploads\/2023\/04\/Detenidos-Santa-Lucia-del-Camino.jpg","jetpack_sharing_enabled":true,"_links":{"self":[{"href":"https:\/\/zonaroja.com.mx\/index.php?rest_route=\/wp\/v2\/posts\/54551","targetHints":{"allow":["GET"]}}],"collection":[{"href":"https:\/\/zonaroja.com.mx\/index.php?rest_route=\/wp\/v2\/posts"}],"about":[{"href":"https:\/\/zonaroja.com.mx\/index.php?rest_route=\/wp\/v2\/types\/post"}],"author":[{"embeddable":true,"href":"https:\/\/zonaroja.com.mx\/index.php?rest_route=\/wp\/v2\/users\/2"}],"replies":[{"embeddable":true,"href":"https:\/\/zonaroja.com.mx\/index.php?rest_route=%2Fwp%2Fv2%2Fcomments&post=54551"}],"version-history":[{"count":1,"href":"https:\/\/zonaroja.com.mx\/index.php?rest_route=\/wp\/v2\/posts\/54551\/revisions"}],"predecessor-version":[{"id":54553,"href":"https:\/\/zonaroja.com.mx\/index.php?rest_route=\/wp\/v2\/posts\/54551\/revisions\/54553"}],"wp:featuredmedia":[{"embeddable":true,"href":"https:\/\/zonaroja.com.mx\/index.php?rest_route=\/wp\/v2\/media\/54552"}],"wp:attachment":[{"href":"https:\/\/zonaroja.com.mx\/index.php?rest_route=%2Fwp%2Fv2%2Fmedia&parent=54551"}],"wp:term":[{"taxonomy":"category","embeddable":true,"href":"https:\/\/zonaroja.com.mx\/index.php?rest_route=%2Fwp%2Fv2%2Fcategories&post=54551"},{"taxonomy":"post_tag","embeddable":true,"href":"https:\/\/zonaroja.com.mx\/index.php?rest_route=%2Fwp%2Fv2%2Ftags&post=54551"}],"curies":[{"name":"wp","href":"https:\/\/api.w.org\/{rel}","templated":true}]}}