{"id":54559,"date":"2023-04-25T12:05:00","date_gmt":"2023-04-25T17:05:00","guid":{"rendered":"http:\/\/www.zonaroja.com.mx\/?p=54559"},"modified":"2023-04-25T09:09:03","modified_gmt":"2023-04-25T14:09:03","slug":"analiza-el-congreso-iniciativa-de-ley-para-el-desarrollo-economico-de-oaxaca","status":"publish","type":"post","link":"https:\/\/zonaroja.com.mx\/?p=54559","title":{"rendered":"Analiza el Congreso iniciativa de Ley para el Desarrollo Econ\u00f3mico de Oaxaca"},"content":{"rendered":"\n<p>Redacci\u00f3n\/Zona Roja.<\/p>\n\n\n\n<p>Oaxaca de Ju\u00e1rez, Oax. 25 de abril de 2023.- La legisladora Hayde\u00e9 Reyes Soto y el diputado Luis Alfonso Silva Romo presentaron en el Congreso local la iniciativa con proyecto de decreto por la que se expide la Ley para el Desarrollo Econ\u00f3mico del Estado de Oaxaca, mediante la cual propone un marco jur\u00eddico en la materia de acuerdo a la realidad actual que se vive en la entidad y que contemple el crecimiento y el desarrollo para todos los sectores de la sociedad.&nbsp;<\/p>\n\n\n\n<p>Al exponer su proyecto en tribuna durante la sesi\u00f3n ordinaria de la Diputaci\u00f3n Permanente de la 65 Legislatura local, la diputada explic\u00f3 que la ley actual que entr\u00f3 en vigor en el a\u00f1o 2001 est\u00e1 desactualizada y contempla un enfoque neoliberal capitalista que no ha logrado mejorar las condiciones de vida para toda la poblaci\u00f3n, ni tampoco la eliminaci\u00f3n de las desigualdades. &nbsp;<\/p>\n\n\n\n<p>\u201cEn el desarrollo econ\u00f3mico en un estado debe haber cambios cualitativos y cuantitativos que repercutan en mejores condiciones de la poblaci\u00f3n, y tambi\u00e9n se deben ajustar a la din\u00e1mica de la realidad actual, bajo esa premisa es importante se\u00f1alar que el contexto econ\u00f3mico, jur\u00eddico y social de a nivel mundial, nacional y en el estado de Oaxaca, se ha transformado a pasos agigantados desde la expedici\u00f3n de la Ley para el Fomento del Desarrollo Econ\u00f3mico de Oaxaca, la cual entr\u00f3 en vigor en el a\u00f1o 2001\u201d, expuso.<\/p>\n\n\n\n<p>\u201cEs decir, ya m\u00e1s de 20 a\u00f1os que si bien ha tenido reformas, no ha habido cambios sustanciales que regulen como eje rector el bienestar de la poblaci\u00f3n y establezca mecanismos para la creaci\u00f3n de condiciones que permitan el desarrollo sustentable y equitativo tanto de las personas como de las comunidades y agentes econ\u00f3micos que intervienen en las din\u00e1micas productivas\u201d, a\u00f1adi\u00f3.&nbsp;<\/p>\n\n\n\n<p>Por tal motivo, dijo, \u201cante el cambio de paradigma econ\u00f3mico que hoy se impulsa en M\u00e9xico con la Cuarta Transformaci\u00f3n y la necesidad de lograr el desarrollo con bienestar que la poblaci\u00f3n de Oaxaca requiere, se hace necesario que el marco jur\u00eddico en materia de desarrollo econ\u00f3mico comprenda la totalidad de obligaciones establecidas en nuestra Constituci\u00f3n local y se apueste a la construcci\u00f3n de un entorno de derechos y progreso colectivo en el centro de la pol\u00edtica econ\u00f3mica de la entidad. Por lo anterior, junto con el diputado Luis Alfonso Silva Romo, presentamos la iniciativa de Ley para el Desarrollo Econ\u00f3mico del Estado de Oaxaca\u201d.<\/p>\n\n\n\n<p>En esta iniciativa de ley que incluye 60 art\u00edculos, la diputada plantea que se establezcan mecanismos que faciliten la organizaci\u00f3n y la expansi\u00f3n de la actividad econ\u00f3mica del sector social, lo que conllevar\u00eda al desarrollo local con sustentabilidad, resiliencia e integralidad.<\/p>\n\n\n\n<p>Asimismo, indic\u00f3, \u201cse establecen las atribuciones del Poder Ejecutivo estatal para la planeaci\u00f3n, la conducci\u00f3n, coordinaci\u00f3n y orientaci\u00f3n de la econom\u00eda, y de forma secundaria, se instituyen funciones en materia de desarrollo econ\u00f3mico a cargo de los municipios\u201d.&nbsp;<\/p>\n\n\n\n<p>\u201cTambi\u00e9n se adopta el concepto de unidad econ\u00f3mica, la cual incluye tanto la actividad econ\u00f3mica que se encuentra formalizada como aquella que est\u00e1 en la informalidad, que esa es una realidad en nuestro estado, y se establecen pol\u00edticas p\u00fablicas para que los agentes econ\u00f3micos de los sectores p\u00fablicos, privados y social, adopten la cultura de responsabilidad social en la operaci\u00f3n de sus unidades econ\u00f3micas\u201d, refiri\u00f3.&nbsp;<\/p>\n\n\n\n<p>De igual forma, en el proyecto \u201cse establecen funciones espec\u00edficas para el ejercicio de la rector\u00eda del Estado, se incluyen criterios de m\u00e1xima publicidad, observancia en derechos humanos, inclusi\u00f3n, pluralidad y perspectiva de g\u00e9nero en el dise\u00f1o, implementaci\u00f3n, monitoreo y evaluaci\u00f3n de los planes y programas de materia de desarrollo econ\u00f3mico, con el fin de garantizar la integralidad y el fortalecimiento del r\u00e9gimen democr\u00e1tico que exige nuestra Carta Magna y la Constituci\u00f3n estatal para la pol\u00edtica econ\u00f3mica del pa\u00eds\u201d.<\/p>\n\n\n\n<p>\u201cSe implementan medidas para la creaci\u00f3n de un gobierno digital que permita facilitar la presencia del estado en las ocho regiones que lo componen, adem\u00e1s de hacer una vinculaci\u00f3n con los contenidos de la Ley de Mejora Regulatoria para el Estado de Oaxaca, y sus municipios para facilitar los procesos administrativos que permita la legal operaci\u00f3n de unidades econ\u00f3micas, incentivando, la inversi\u00f3n en la entidad\u201d, detall\u00f3.&nbsp;<\/p>\n\n\n\n<p>La iniciativa fue turnada a la Comisi\u00f3n Permanente de Desarrollo Econ\u00f3mico para su respectivo an\u00e1lisis y dictamen.<\/p>\n","protected":false},"excerpt":{"rendered":"<p>Redacci\u00f3n\/Zona Roja. Oaxaca de Ju\u00e1rez, Oax. 25 de abril de 2023.- La legisladora Hayde\u00e9 Reyes&hellip;<\/p>\n","protected":false},"author":2,"featured_media":50977,"comment_status":"closed","ping_status":"open","sticky":false,"template":"","format":"standard","meta":{"_lmt_disableupdate":"","_lmt_disable":"","_jetpack_memberships_contains_paid_content":false,"footnotes":""},"categories":[109,46],"tags":[2743],"class_list":["post-54559","post","type-post","status-publish","format-standard","has-post-thumbnail","hentry","category-minuto-a-minuto","category-zona-blanca","tag-65-legislatura-del-estado-de-oaxaca"],"jetpack_featured_media_url":"https:\/\/zonaroja.com.mx\/wp-content\/uploads\/2023\/01\/Sesion-Congreso-Oaxaca.jpeg","jetpack_sharing_enabled":true,"_links":{"self":[{"href":"https:\/\/zonaroja.com.mx\/index.php?rest_route=\/wp\/v2\/posts\/54559","targetHints":{"allow":["GET"]}}],"collection":[{"href":"https:\/\/zonaroja.com.mx\/index.php?rest_route=\/wp\/v2\/posts"}],"about":[{"href":"https:\/\/zonaroja.com.mx\/index.php?rest_route=\/wp\/v2\/types\/post"}],"author":[{"embeddable":true,"href":"https:\/\/zonaroja.com.mx\/index.php?rest_route=\/wp\/v2\/users\/2"}],"replies":[{"embeddable":true,"href":"https:\/\/zonaroja.com.mx\/index.php?rest_route=%2Fwp%2Fv2%2Fcomments&post=54559"}],"version-history":[{"count":1,"href":"https:\/\/zonaroja.com.mx\/index.php?rest_route=\/wp\/v2\/posts\/54559\/revisions"}],"predecessor-version":[{"id":54560,"href":"https:\/\/zonaroja.com.mx\/index.php?rest_route=\/wp\/v2\/posts\/54559\/revisions\/54560"}],"wp:featuredmedia":[{"embeddable":true,"href":"https:\/\/zonaroja.com.mx\/index.php?rest_route=\/wp\/v2\/media\/50977"}],"wp:attachment":[{"href":"https:\/\/zonaroja.com.mx\/index.php?rest_route=%2Fwp%2Fv2%2Fmedia&parent=54559"}],"wp:term":[{"taxonomy":"category","embeddable":true,"href":"https:\/\/zonaroja.com.mx\/index.php?rest_route=%2Fwp%2Fv2%2Fcategories&post=54559"},{"taxonomy":"post_tag","embeddable":true,"href":"https:\/\/zonaroja.com.mx\/index.php?rest_route=%2Fwp%2Fv2%2Ftags&post=54559"}],"curies":[{"name":"wp","href":"https:\/\/api.w.org\/{rel}","templated":true}]}}