{"id":54561,"date":"2023-04-25T13:10:00","date_gmt":"2023-04-25T18:10:00","guid":{"rendered":"http:\/\/www.zonaroja.com.mx\/?p=54561"},"modified":"2023-04-25T09:13:48","modified_gmt":"2023-04-25T14:13:48","slug":"fortalece-vinculos-primer-encuentro-de-magistraturas-constitucionales-locales","status":"publish","type":"post","link":"https:\/\/zonaroja.com.mx\/?p=54561","title":{"rendered":"Fortalece v\u00ednculos\u00a0Primer Encuentro de\u00a0Magistraturas Constitucionales Locales"},"content":{"rendered":"\n<p>Redacci\u00f3n\/Zona Roja.<\/p>\n\n\n\n<p>Oaxaca de Ju\u00e1rez, Oax., a 25 de febrero de 2023.- Con la participaci\u00f3n de representantes de Tribunales de los estados&nbsp;de Durango, Quintana Roo, Quer\u00e9taro y Oaxaca,&nbsp;se realiz\u00f3 el Primer Encuentro Nacional de Magistraturas Constitucionales Locales, en el marco del Noveno Seminario&nbsp;de Derecho Constitucional Oaxaca 2023, que durante tres d\u00edas reuni\u00f3 a destacados juristas, profesionales del derecho y reconocidos especialistas, en un foro de intercambio de ideas, discusi\u00f3n acad\u00e9mica y an\u00e1lisis cr\u00edtico de la jurisprudencia y su pr\u00e1ctica.<br>En este encuentro, el titular del Poder Judicial del Estado, magistrado Eduardo Pinacho S\u00e1nchez,&nbsp;destac\u00f3 la oportunidad de conocer las experiencias de otras entidades respecto al desarrollo que ha tenido el&nbsp;Constitucionalismo en cada uno de sus estados, al ser el objeto de estudio de esta rama del derecho p\u00fablico las leyes fundamentales de un Estado y singularmente de su Constituci\u00f3n.<\/p>\n\n\n\n<p>Destac\u00f3&nbsp;que&nbsp;en Oaxaca, dentro de las funciones de la Sala Constitucional se cuenta con el juicio para la protecci\u00f3n de los derechos humanos,&nbsp;in\u00e9dito en el pa\u00eds, para lograr el cumplimiento forzoso y coactivo de las recomendaciones emitidas por la Defensor\u00eda de los Derechos Humanos del Pueblo de Oaxaca (DDHPO) y organismos en la materia.<\/p>\n\n\n\n<p>Teniendo como sede el auditorio de la Facultad de Derecho y Ciencias Sociales de la Universidad Aut\u00f3noma \u201cBenito Ju\u00e1rez\u201d, de Oaxaca (UABJO),&nbsp;en el&nbsp;Primer Encuentro Nacional de Magistraturas Constitucionales Locales&nbsp;participaron los presidentes de las Salas Constitucionales&nbsp;de&nbsp;los&nbsp;Tribunales&nbsp;Superiores&nbsp;de Justicia de Durango,&nbsp;Karen Flores Maciel; de Quintana Roo, Mario Alberto Aguilar Laguardia y de Quer\u00e9taro,&nbsp;Juan Ricardo Ram\u00edrez Luna.<\/p>\n\n\n\n<p>As\u00ed&nbsp;tambi\u00e9n, los integrantes de la Sala Constitucional&nbsp;y Cuarta Sala Penal&nbsp;del Tribunal Superior de Justicia del Estado,&nbsp;las magistradas Berenice Ram\u00edrez Jim\u00e9nez y&nbsp;Hortencia&nbsp;Castellanos Ch\u00e1vez, as\u00ed como el magistrado Mois\u00e9s Molina Reyes, quienes coincidieron en&nbsp;la importancia de este \u00f3rgano jurisdiccional para salvaguardar y defender los derechos humanos.&nbsp;<\/p>\n\n\n\n<p>El&nbsp;Noveno Seminario&nbsp;de Derecho Constitucional Oaxaca 2023&nbsp;se realiza en una colaboraci\u00f3n conjunta del Poder Judicial del Estado con la Facultad de Derecho y Ciencias Sociales de la Universidad Aut\u00f3noma \u201cBenito Ju\u00e1rez\u201d de Oaxaca (UABJO), el Instituto de Investigaciones Jur\u00eddicas de la Universidad Nacional Aut\u00f3noma de M\u00e9xico (UNAM) y el Instituto Iberoamericano de Derecho Constitucional&nbsp;(IIDC).<\/p>\n","protected":false},"excerpt":{"rendered":"<p>Redacci\u00f3n\/Zona Roja. Oaxaca de Ju\u00e1rez, Oax., a 25 de febrero de 2023.- Con la participaci\u00f3n&hellip;<\/p>\n","protected":false},"author":2,"featured_media":54563,"comment_status":"closed","ping_status":"open","sticky":false,"template":"","format":"standard","meta":{"_lmt_disableupdate":"","_lmt_disable":"","_jetpack_memberships_contains_paid_content":false,"footnotes":""},"categories":[109,46],"tags":[223],"class_list":["post-54561","post","type-post","status-publish","format-standard","has-post-thumbnail","hentry","category-minuto-a-minuto","category-zona-blanca","tag-poder-judicial-de-oaxaca"],"jetpack_featured_media_url":"https:\/\/zonaroja.com.mx\/wp-content\/uploads\/2023\/04\/El-titular-del-Poder-Judicial-dio-la-bienvenida-a-magistrados-de-Durango-Quintana-Roo-y-Queretaro.jpg","jetpack_sharing_enabled":true,"_links":{"self":[{"href":"https:\/\/zonaroja.com.mx\/index.php?rest_route=\/wp\/v2\/posts\/54561","targetHints":{"allow":["GET"]}}],"collection":[{"href":"https:\/\/zonaroja.com.mx\/index.php?rest_route=\/wp\/v2\/posts"}],"about":[{"href":"https:\/\/zonaroja.com.mx\/index.php?rest_route=\/wp\/v2\/types\/post"}],"author":[{"embeddable":true,"href":"https:\/\/zonaroja.com.mx\/index.php?rest_route=\/wp\/v2\/users\/2"}],"replies":[{"embeddable":true,"href":"https:\/\/zonaroja.com.mx\/index.php?rest_route=%2Fwp%2Fv2%2Fcomments&post=54561"}],"version-history":[{"count":1,"href":"https:\/\/zonaroja.com.mx\/index.php?rest_route=\/wp\/v2\/posts\/54561\/revisions"}],"predecessor-version":[{"id":54564,"href":"https:\/\/zonaroja.com.mx\/index.php?rest_route=\/wp\/v2\/posts\/54561\/revisions\/54564"}],"wp:featuredmedia":[{"embeddable":true,"href":"https:\/\/zonaroja.com.mx\/index.php?rest_route=\/wp\/v2\/media\/54563"}],"wp:attachment":[{"href":"https:\/\/zonaroja.com.mx\/index.php?rest_route=%2Fwp%2Fv2%2Fmedia&parent=54561"}],"wp:term":[{"taxonomy":"category","embeddable":true,"href":"https:\/\/zonaroja.com.mx\/index.php?rest_route=%2Fwp%2Fv2%2Fcategories&post=54561"},{"taxonomy":"post_tag","embeddable":true,"href":"https:\/\/zonaroja.com.mx\/index.php?rest_route=%2Fwp%2Fv2%2Ftags&post=54561"}],"curies":[{"name":"wp","href":"https:\/\/api.w.org\/{rel}","templated":true}]}}