{"id":54565,"date":"2023-04-25T10:15:00","date_gmt":"2023-04-25T15:15:00","guid":{"rendered":"http:\/\/www.zonaroja.com.mx\/?p=54565"},"modified":"2023-04-25T09:20:20","modified_gmt":"2023-04-25T14:20:20","slug":"festejo-de-oaxaca-capital-en-medio-del-caos-y-la-ingobernabilidad","status":"publish","type":"post","link":"https:\/\/zonaroja.com.mx\/?p=54565","title":{"rendered":"Festejo de Oaxaca capital en medio del caos y la ingobernabilidad"},"content":{"rendered":"\n<p>Yuridiana Sosa\/Zona Roja.<\/p>\n\n\n\n<p>Oaxaca de Ju\u00e1rez, Oax., a 24 de abril de 2023.- Desencantada y con m\u00faltiples problemas sociales y pol\u00edticos, Oaxaca de Ju\u00e1rez celebra hoy el 491 aniversario de ser elevada de villa a ciudad; sus mayores amenazas son la basura, el desenfrenado ambulantaje y la inseguridad.<\/p>\n\n\n\n<p>Para el festejo, el gobierno municipal de Francisco Mart\u00ednez Neri trata de \u201clavarle la cara\u201d a la ciudad con embellecimientos expr\u00e9s y temporales para la foto; es el Centro Hist\u00f3rico la prioridad, sin embargo, sus ciudadanos de diversas zonas exigen mayores atenciones a los problemas.<\/p>\n\n\n\n<p>Son vecinos de colonias cercanas a la ribera del r\u00edo \u201cAtoyac\u201d los que alzaron la voz esta semana por la permanencia del tiradero a cielo abierto en el sitio desde hace nueve meses, por el precierre del basurero en la Villa de &nbsp;Zaachila.<\/p>\n\n\n\n<p>Ellos no tienen nada que celebrar, pero s\u00ed mucho que exigir; los da\u00f1os al medio ambiente crecen de la mano a los problemas de salubridad en toda la periferia al basurero improvisado por parte de las organizaciones CATEM y CTM.<\/p>\n\n\n\n<p>Para dar soluci\u00f3n a ese asunto, el gobernador Salom\u00f3n Jara anunci\u00f3 que intervinieron como autoridad estatal y se clausur\u00f3 dicho basurero.<\/p>\n\n\n\n<p>Mientras que el gobierno de Mart\u00ednez Neri no ha conseguido convencer a ninguna autoridad o comunidad de la regi\u00f3n de Valles Centrales para la instalaci\u00f3n de un basurero para su municipio, el cual desde octubre dej\u00f3 de enviar su basura a Zaachila y semanas despu\u00e9s verse obligada la autoridad a transportar los desechos a otras entidades, lo cual ha costado m\u00e1s de 50 millones de pesos.<\/p>\n\n\n\n<p>En ese sentido, el gobierno del estado tambi\u00e9n sali\u00f3 al rescate y anunci\u00f3 una salvaci\u00f3n para la capital, la creaci\u00f3n de un Centro Integral de Revalorizaci\u00f3n de Residuos S\u00f3lidos Urbanos (CIRRSU) en San Lorenzo Albarradas, en los Valles Centrales; aunque su construcci\u00f3n est\u00e1 en vilo por la desaprobaci\u00f3n de la poblaci\u00f3n.<\/p>\n\n\n\n<p>AMBULANTAJE<\/p>\n\n\n\n<p>La disputa del gobierno municipal por el control del ambulantaje contin\u00faa; sus adversarios, los comerciantes, no dan tregua en la posesi\u00f3n de los espacios en la v\u00eda p\u00fablica.<\/p>\n\n\n\n<p>Tal es la desesperaci\u00f3n por el retiro de los puestos que los inspectores municipales del comercio en la v\u00eda p\u00fablica se han enfrentado, junto con la polic\u00eda, con los vendedores, sin importar que sean mujeres, en la mayor\u00eda de los casos.<\/p>\n\n\n\n<p>Por segundo a\u00f1o, en lo que va de su administraci\u00f3n, la autoridad ha persistido, sin \u00e9xito, en tratar de mantener calles libres de vendedores informales, pero son los mismos servidores p\u00fablicos los que complican la relaci\u00f3n con el gremio.<\/p>\n\n\n\n<p>As\u00ed ocurri\u00f3 el pasado 15 de marzo cuando se liaron vendedores e inspectores; los primeros acusaron que el ayuntamiento de incumplir acuerdos, hostig\u00e1ndolos con los inspectores para que, de manera violeta, desalojaran la calle de Aldama.<\/p>\n\n\n\n<p>Los comerciantes de diferentes organizaciones acordaron con la Secretar\u00eda de Gobierno municipal sobre una reubicaci\u00f3n temporal en ese lugar por los trabajos de mantenimiento y construcci\u00f3n de banquetas en las calles donde venden.<\/p>\n\n\n\n<p>Mientras que tambi\u00e9n con el uso de polic\u00edas municipales trataron de desalojar a comerciantes en inmediaciones del jard\u00edn \u201cSan Francisco\u201d.<\/p>\n\n\n\n<p>Las intenciones con el uso de la fuerza p\u00fablica fueron justificadas por Mart\u00ednez Neri, al no encontrar otra forma de proteger a su personal, el que defendi\u00f3 de no cometer actos violentos contra los vendedores.<\/p>\n\n\n\n<p>E incluso, asever\u00f3 que no habr\u00e1 tolerancia para el ambulantaje, pues la ciudadan\u00eda exige libre tr\u00e1nsito y una mejor imagen de la ciudad. Sin embargo, no ha logrado complacer a ning\u00fan grupo, por el contrario, en cada temporada alta de turismo o festividades se ve rebasado por el n\u00famero de puestos callejeros, que a veces lo logra quitarlos tras esas fechas.<\/p>\n\n\n\n<p>M\u00c1S INSEGURA<\/p>\n\n\n\n<p>Los robos a comercios, de motocicletas, de autopartes y de veh\u00edculos, son cada vez m\u00e1s habituales en la ciudad patrimonio de la humanidad hasta a plena luz del d\u00eda.<\/p>\n\n\n\n<p>Pese a que el edil se ha resistido en reconocer la ola de inseguridad y que la pol\u00edtica de seguridad ha fallado, cifras oficiales demuestran lo contrario.<\/p>\n\n\n\n<p>Recientemente el Instituto Nacional de Estad\u00edstica y Geograf\u00eda dio a conocer los resultados de la Encuesta Nacional de Seguridad P\u00fablica Urbana (ENSU), la cual se\u00f1ala que el 72.9 por ciento de la poblaci\u00f3n report\u00f3 sentirse poco segura en la ciudad de Oaxaca de Ju\u00e1rez, lo cual es mayor en comparaci\u00f3n a datos al cierre del 2022 y del mismo periodo del a\u00f1o pasado.<\/p>\n\n\n\n<p>SIN MOVER UN DEDO<\/p>\n\n\n\n<p>Por otra parte, decenas de fachadas importantes de la ciudad permanecen sin atenci\u00f3n o mantenimiento, lo cual es m\u00e1s visible en aquellas en las que se realizaron \u201cpintas\u201d o colocaron im\u00e1genes con motivo de alguna marcha.<\/p>\n\n\n\n<p>En tanto que decenas de vialidades se encuentran en deplorables condiciones, que, si no fuera por visitas del mandatario nacional o por el aniversario de la ciudad, no se trabaja para mejorarlas.<\/p>\n","protected":false},"excerpt":{"rendered":"<p>Yuridiana Sosa\/Zona Roja. Oaxaca de Ju\u00e1rez, Oax., a 24 de abril de 2023.- Desencantada y&hellip;<\/p>\n","protected":false},"author":2,"featured_media":53990,"comment_status":"closed","ping_status":"open","sticky":false,"template":"","format":"standard","meta":{"_lmt_disableupdate":"","_lmt_disable":"","_jetpack_memberships_contains_paid_content":false,"footnotes":""},"categories":[109,47],"tags":[148],"class_list":["post-54565","post","type-post","status-publish","format-standard","has-post-thumbnail","hentry","category-minuto-a-minuto","category-zona-gris","tag-oaxaca-de-juarez"],"jetpack_featured_media_url":"https:\/\/zonaroja.com.mx\/wp-content\/uploads\/2023\/04\/18dcecea-b0f6-4e0c-9e72-c77eed454213.jpg","jetpack_sharing_enabled":true,"_links":{"self":[{"href":"https:\/\/zonaroja.com.mx\/index.php?rest_route=\/wp\/v2\/posts\/54565","targetHints":{"allow":["GET"]}}],"collection":[{"href":"https:\/\/zonaroja.com.mx\/index.php?rest_route=\/wp\/v2\/posts"}],"about":[{"href":"https:\/\/zonaroja.com.mx\/index.php?rest_route=\/wp\/v2\/types\/post"}],"author":[{"embeddable":true,"href":"https:\/\/zonaroja.com.mx\/index.php?rest_route=\/wp\/v2\/users\/2"}],"replies":[{"embeddable":true,"href":"https:\/\/zonaroja.com.mx\/index.php?rest_route=%2Fwp%2Fv2%2Fcomments&post=54565"}],"version-history":[{"count":1,"href":"https:\/\/zonaroja.com.mx\/index.php?rest_route=\/wp\/v2\/posts\/54565\/revisions"}],"predecessor-version":[{"id":54566,"href":"https:\/\/zonaroja.com.mx\/index.php?rest_route=\/wp\/v2\/posts\/54565\/revisions\/54566"}],"wp:featuredmedia":[{"embeddable":true,"href":"https:\/\/zonaroja.com.mx\/index.php?rest_route=\/wp\/v2\/media\/53990"}],"wp:attachment":[{"href":"https:\/\/zonaroja.com.mx\/index.php?rest_route=%2Fwp%2Fv2%2Fmedia&parent=54565"}],"wp:term":[{"taxonomy":"category","embeddable":true,"href":"https:\/\/zonaroja.com.mx\/index.php?rest_route=%2Fwp%2Fv2%2Fcategories&post=54565"},{"taxonomy":"post_tag","embeddable":true,"href":"https:\/\/zonaroja.com.mx\/index.php?rest_route=%2Fwp%2Fv2%2Ftags&post=54565"}],"curies":[{"name":"wp","href":"https:\/\/api.w.org\/{rel}","templated":true}]}}