{"id":54568,"date":"2023-04-25T15:31:13","date_gmt":"2023-04-25T20:31:13","guid":{"rendered":"http:\/\/www.zonaroja.com.mx\/?p=54568"},"modified":"2023-04-25T15:31:16","modified_gmt":"2023-04-25T20:31:16","slug":"a-falta-de-atencion-de-jara-chimalapas-demandan-intervencion-de-amlo-para-servicios-medicos","status":"publish","type":"post","link":"https:\/\/zonaroja.com.mx\/?p=54568","title":{"rendered":"A falta de atenci\u00f3n de Jara, Chimalapas demandan intervenci\u00f3n de AMLO para servicios m\u00e9dicos"},"content":{"rendered":"\n<p>Yuridiana Sosa\/Zona Roja.<\/p>\n\n\n\n<p>Oaxaca de Ju\u00e1rez, Oax., a 25 de abril de 2023.- Desesperados por la falta de atenci\u00f3n y servicios m\u00e9dicos necesarios por parte de los Servicios de Salud de Oaxaca (SSO), habitantes de San Francisco La Paz, de Santa Mar\u00eda Chimalapa, demandaron la intervenci\u00f3n del Presidente Andr\u00e9s Manuel L\u00f3pez Obrador para que se garantice su derecho a la salud.<\/p>\n\n\n\n<p>Los habitantes denunciaron, por medio de un video difundido en redes sociales, que el gobierno estatal de Salom\u00f3n Jara Cruz no ha logrado cubrir esta prioridad para la poblaci\u00f3n, la cual desde hace varios a\u00f1os ha solicitado en m\u00faltiples ocasiones la llegada de m\u00e9dicos, medicinas e insumos, pero se les ha negado.<\/p>\n\n\n\n<p>Reunidos afuera del Centro de Salud N\u00facleo B\u00e1sico de la comunidad, los ind\u00edgenas zoques solicitaron a la federaci\u00f3n el apoyo urgente para que se contraten a m\u00e9dicos de base, personal de enfermer\u00eda, Odontolog\u00eda, pero que no sean pasantes.<\/p>\n\n\n\n<p>\u201cDesde hace muchos a\u00f1os nos encontramos en el abandono, desde hace mucho hemos levantado la voz, pero nadie nos escucha.&nbsp; Hacemos tambi\u00e9n un llamado a la Jurisdicci\u00f3n Sanitaria n\u00famero 2, del Istmo, a cargo del doctor Hebert Vidal S\u00e1nchez\u201d, expres\u00f3 la comunidad, quien destac\u00f3 estar\u00e1 a la espera de la respuesta de la cuarta transformaci\u00f3n<\/p>\n\n\n\n<p>Esta comunidad ha sufrido por lo menos desde hace cinco a\u00f1os de la falta de m\u00e9dicos especialistas y de base, equipamiento, personal m\u00e9dico y medicinas, lo que los llev\u00f3 a enfrentar la pandemia sin servicios adecuados para la atenci\u00f3n de la poblaci\u00f3n.<\/p>\n\n\n\n<p>Para acudir por atenciones m\u00e9dicas deben viajar por varias horas hasta Mat\u00edas Romero, donde se encuentra el hospital m\u00e1s cercano, pero ello tambi\u00e9n implica altos costos de traslado.<\/p>\n","protected":false},"excerpt":{"rendered":"<p>Yuridiana Sosa\/Zona Roja. Oaxaca de Ju\u00e1rez, Oax., a 25 de abril de 2023.- Desesperados por&hellip;<\/p>\n","protected":false},"author":2,"featured_media":54567,"comment_status":"closed","ping_status":"open","sticky":false,"template":"","format":"standard","meta":{"_lmt_disableupdate":"","_lmt_disable":"","_jetpack_memberships_contains_paid_content":false,"footnotes":""},"categories":[109,47],"tags":[],"class_list":["post-54568","post","type-post","status-publish","format-standard","has-post-thumbnail","hentry","category-minuto-a-minuto","category-zona-gris"],"jetpack_featured_media_url":"https:\/\/zonaroja.com.mx\/wp-content\/uploads\/2023\/04\/fcdb6c96-d2c7-4b46-85a4-a1614c10b050.jpg","jetpack_sharing_enabled":true,"_links":{"self":[{"href":"https:\/\/zonaroja.com.mx\/index.php?rest_route=\/wp\/v2\/posts\/54568","targetHints":{"allow":["GET"]}}],"collection":[{"href":"https:\/\/zonaroja.com.mx\/index.php?rest_route=\/wp\/v2\/posts"}],"about":[{"href":"https:\/\/zonaroja.com.mx\/index.php?rest_route=\/wp\/v2\/types\/post"}],"author":[{"embeddable":true,"href":"https:\/\/zonaroja.com.mx\/index.php?rest_route=\/wp\/v2\/users\/2"}],"replies":[{"embeddable":true,"href":"https:\/\/zonaroja.com.mx\/index.php?rest_route=%2Fwp%2Fv2%2Fcomments&post=54568"}],"version-history":[{"count":1,"href":"https:\/\/zonaroja.com.mx\/index.php?rest_route=\/wp\/v2\/posts\/54568\/revisions"}],"predecessor-version":[{"id":54569,"href":"https:\/\/zonaroja.com.mx\/index.php?rest_route=\/wp\/v2\/posts\/54568\/revisions\/54569"}],"wp:featuredmedia":[{"embeddable":true,"href":"https:\/\/zonaroja.com.mx\/index.php?rest_route=\/wp\/v2\/media\/54567"}],"wp:attachment":[{"href":"https:\/\/zonaroja.com.mx\/index.php?rest_route=%2Fwp%2Fv2%2Fmedia&parent=54568"}],"wp:term":[{"taxonomy":"category","embeddable":true,"href":"https:\/\/zonaroja.com.mx\/index.php?rest_route=%2Fwp%2Fv2%2Fcategories&post=54568"},{"taxonomy":"post_tag","embeddable":true,"href":"https:\/\/zonaroja.com.mx\/index.php?rest_route=%2Fwp%2Fv2%2Ftags&post=54568"}],"curies":[{"name":"wp","href":"https:\/\/api.w.org\/{rel}","templated":true}]}}