{"id":54570,"date":"2023-04-25T18:38:45","date_gmt":"2023-04-25T23:38:45","guid":{"rendered":"http:\/\/www.zonaroja.com.mx\/?p=54570"},"modified":"2023-04-25T18:38:48","modified_gmt":"2023-04-25T23:38:48","slug":"gobierno-de-oaxaca-y-sindicato-alcanzan-acuerdo-historico-en-negociacion-salarial","status":"publish","type":"post","link":"https:\/\/zonaroja.com.mx\/?p=54570","title":{"rendered":"Gobierno de Oaxaca y sindicato alcanzan acuerdo hist\u00f3rico en negociaci\u00f3n salarial"},"content":{"rendered":"\n<p>Redacci\u00f3n\/Zona Roja.<\/p>\n\n\n\n<p>Oaxaca de Ju\u00e1rez, Oax., a 25 de abril de 2023.- En menos de un mes, la Secretar\u00eda de Administraci\u00f3n logr\u00f3 un hist\u00f3rico acuerdo con Sindicato de Trabajadores de los Poderes del Estado e Instituciones Descentralizadas de Car\u00e1cter Estatal de Oaxaca, (STPEIDCEO), en la negociaci\u00f3n salarial del pliego petitorio 2023.<\/p>\n\n\n\n<p>Los trabajos culminaron anoche y este mediod\u00eda, en el Palacio de Gobierno y con el gobernador Salom\u00f3n Jara Cruz como testigo de honor, el titular de la dependencia, Antonino Morales Toledo, sign\u00f3 el convenio con el secretario general del gremio de bur\u00f3cratas, Pedro Castillejos Villalobos.<\/p>\n\n\n\n<p>Con ello, se estableci\u00f3 un incremento de 4.50 por ciento directo a sueldo base y 3.50 en ayuda de previsi\u00f3n social m\u00faltiple, mismo que ser\u00e1 retroactivo a partir de enero y se cubrir\u00e1 en el mes de mayo.<\/p>\n\n\n\n<p>El secretario de Administraci\u00f3n destac\u00f3 que durante las mesas de trabajo permaneci\u00f3 la voluntad, cordialidad, el respeto, la responsabilidad y la transparencia, valores propios de la Cuarta Transformaci\u00f3n en donde el compromiso siempre ha sido Oaxaca y sus trabajadores.<\/p>\n\n\n\n<figure class=\"wp-block-embed is-type-rich is-provider-twitter wp-block-embed-twitter\"><div class=\"wp-block-embed__wrapper\">\n<div class=\"twitter-tweet\"><blockquote class=\"twitter-tweet\" data-lang=\"es\"><p lang=\"es\" dir=\"ltr\"><a href=\"https:\/\/twitter.com\/hashtag\/%C3%9AltimoMinuto?src=hash&amp;ref_src=twsrc%5Etfw\">#\u00daltimoMinuto<\/a><br>Con \u00e9xito concluy\u00f3 la negociaci\u00f3n del pliego petitorio entre el <a href=\"https:\/\/twitter.com\/stpeidceo22_25?ref_src=twsrc%5Etfw\">@stpeidceo22_25<\/a> y el <a href=\"https:\/\/twitter.com\/GobOax?ref_src=twsrc%5Etfw\">@GobOax<\/a>, inform\u00f3 en conferencia de prensa el titular de la <a href=\"https:\/\/twitter.com\/Admon_GobOax?ref_src=twsrc%5Etfw\">@Admon_GobOax<\/a>, <a href=\"https:\/\/twitter.com\/Nino_Morales1?ref_src=twsrc%5Etfw\">@Nino_Morales1<\/a>. <br>Ambas partes acordaron un incremento salarial del 4.5% y de 3.5% a prestaci\u00f3n social\u2026 <a href=\"https:\/\/t.co\/FcmCOqrw0m\">pic.twitter.com\/FcmCOqrw0m<\/a><\/p>&mdash; Zona Roja Oaxaca (@ZonaRoja_Oaxaca) <a href=\"https:\/\/twitter.com\/ZonaRoja_Oaxaca\/status\/1650937523885973533?ref_src=twsrc%5Etfw\">25 de abril de 2023<\/a><\/blockquote><\/div>\n<\/div><\/figure>\n\n\n\n<p>El responsable de la pol\u00edtica administrativa estatal tambi\u00e9n expuso que la suma de esfuerzos conlleva a un objetivo com\u00fan y que el di\u00e1logo fue la mejor herramienta que permaneci\u00f3 en todo momento durante las mesas de trabajo.<\/p>\n\n\n\n<p>\u00abHemos trabajado con esmero y dedicaci\u00f3n para encontrar un &nbsp;objetivo com\u00fan y llegar a un acuerdo que beneficie a todas y todos; es decir, que los trabajadores cuenten con salarios y&nbsp;prestaciones dignas, y que el incremento permita impulsar la transformaci\u00f3n que nuestro gobierno busca\u00bb, se\u00f1al\u00f3.<\/p>\n\n\n\n<p>Asimismo, Morales Toledo resalt\u00f3 que en los tiempos de la transformaci\u00f3n, todos tienen cabida, tanto los trabajadores sindicalizados como sus familias, quienes ser\u00e1n los directamente beneficiados con los acuerdos logrados en el pliego petitorio.<\/p>\n\n\n\n<p>Por \u00faltimo el secretario de Administraci\u00f3n, convoc\u00f3 a la base trabajadora a redoblar esfuerzos en cada una de sus \u00e1reas, sirviendo con amabilidad y diligencia a quienes asisten diariamente a solicitar alg\u00fan tipo de servicio, y as\u00ed juntos trabajar por el Oaxaca que todos queremos.<\/p>\n","protected":false},"excerpt":{"rendered":"<p>Redacci\u00f3n\/Zona Roja. Oaxaca de Ju\u00e1rez, Oax., a 25 de abril de 2023.- En menos de&hellip;<\/p>\n","protected":false},"author":2,"featured_media":54571,"comment_status":"closed","ping_status":"open","sticky":false,"template":"","format":"standard","meta":{"_lmt_disableupdate":"","_lmt_disable":"","_jetpack_memberships_contains_paid_content":false,"footnotes":""},"categories":[1],"tags":[180,1989],"class_list":["post-54570","post","type-post","status-publish","format-standard","has-post-thumbnail","hentry","category-sin-categoria","tag-antonino-morales-toledo","tag-secretaria-de-administracion"],"jetpack_featured_media_url":"https:\/\/zonaroja.com.mx\/wp-content\/uploads\/2023\/04\/Firma-de-convenio-STPEIDCEO-y-gobierno-Administracion-antonino.jpeg","jetpack_sharing_enabled":true,"_links":{"self":[{"href":"https:\/\/zonaroja.com.mx\/index.php?rest_route=\/wp\/v2\/posts\/54570","targetHints":{"allow":["GET"]}}],"collection":[{"href":"https:\/\/zonaroja.com.mx\/index.php?rest_route=\/wp\/v2\/posts"}],"about":[{"href":"https:\/\/zonaroja.com.mx\/index.php?rest_route=\/wp\/v2\/types\/post"}],"author":[{"embeddable":true,"href":"https:\/\/zonaroja.com.mx\/index.php?rest_route=\/wp\/v2\/users\/2"}],"replies":[{"embeddable":true,"href":"https:\/\/zonaroja.com.mx\/index.php?rest_route=%2Fwp%2Fv2%2Fcomments&post=54570"}],"version-history":[{"count":1,"href":"https:\/\/zonaroja.com.mx\/index.php?rest_route=\/wp\/v2\/posts\/54570\/revisions"}],"predecessor-version":[{"id":54572,"href":"https:\/\/zonaroja.com.mx\/index.php?rest_route=\/wp\/v2\/posts\/54570\/revisions\/54572"}],"wp:featuredmedia":[{"embeddable":true,"href":"https:\/\/zonaroja.com.mx\/index.php?rest_route=\/wp\/v2\/media\/54571"}],"wp:attachment":[{"href":"https:\/\/zonaroja.com.mx\/index.php?rest_route=%2Fwp%2Fv2%2Fmedia&parent=54570"}],"wp:term":[{"taxonomy":"category","embeddable":true,"href":"https:\/\/zonaroja.com.mx\/index.php?rest_route=%2Fwp%2Fv2%2Fcategories&post=54570"},{"taxonomy":"post_tag","embeddable":true,"href":"https:\/\/zonaroja.com.mx\/index.php?rest_route=%2Fwp%2Fv2%2Ftags&post=54570"}],"curies":[{"name":"wp","href":"https:\/\/api.w.org\/{rel}","templated":true}]}}