{"id":5458,"date":"2019-11-05T20:29:46","date_gmt":"2019-11-06T02:29:46","guid":{"rendered":"http:\/\/www.zonaroja.com.mx\/?p=5458"},"modified":"2019-11-05T20:29:49","modified_gmt":"2019-11-06T02:29:49","slug":"para-que-chingados-votamos-por-ustedes-le-dice-gael-garcia-a-amlo","status":"publish","type":"post","link":"https:\/\/zonaroja.com.mx\/?p=5458","title":{"rendered":"\u201c\u00bfPara qu\u00e9 chingados votamos por ustedes?\u201d, le dice Gael Garc\u00eda a AMLO"},"content":{"rendered":"\n<p>Redacci\u00f3n\/Zona\nRoja Cdmx.<\/p>\n\n\n\n<p>Ciudad de\nM\u00e9xico, 5 de noviembre de 2019.- \u201cSi no cambia el gobierno y @lopezobrador_ de\nnarrativa para asumir sus responsabilidades \u00bfPara qu\u00e9 chingados votamos por\nustedes? M\u00e1s vale que asuman por completo su responsabilidad y hagan lo imposible\npara que esto no suceda m\u00e1s. Que se vuelva su mantra y su objetivo\u201d.<\/p>\n\n\n\n<p>As\u00ed expres\u00f3 hoy\nel actor mexicano Gael Garc\u00eda Bernal su irritaci\u00f3n por la ola de inseguridad\nque priva en el pa\u00eds y particularmente la masacre de nueve personas, en su\nmayor\u00eda menores de edad, de la comunidad mormona, ocurrida ayer en los l\u00edmites\nde Chihuahua y Sonora.<\/p>\n\n\n\n<p>Con ello Garc\u00eda\nBernal urgi\u00f3 al gobierno del presidente Andr\u00e9s Manuel L\u00f3pez Obrador asumir su\nresponsabilidad y cambiar de narrativa en el tema de seguridad.<\/p>\n\n\n\n<p>El director\nde \u201cChicuarotes\u201d (2019) expres\u00f3 su indignaci\u00f3n por el multihomicidio ocurrido\nayer e, incluso, dijo que \u201cdan ganas de clausurar el pa\u00eds a cada rato\u201d.<\/p>\n\n\n\n<p>\u201cQu\u00e9\ntristeza. Cada feminicidio, cada asesinato, cada injusticia en contra de ni\u00f1os\ny viejos. Terrible lo que sucedi\u00f3 ayer. Lo que sucede diario, carajo. Qu\u00e9\ntristeza\u201d, agreg\u00f3 en su cuenta de Twitter.<\/p>\n\n\n\n<p>El afamado\nactor mexicano fue uno de los varios famosos que festejaron el triunfo de L\u00f3pez\nObrador el 1 de julio, \u201c\u00a1Qu\u00e9 emoci\u00f3n, chingao! \u00a1Y Latinoam\u00e9rica unida!\u201d, tuite\u00f3\nel d\u00eda del triunfo del hoy Presidente de M\u00e9xico.<\/p>\n","protected":false},"excerpt":{"rendered":"<p>Redacci\u00f3n\/Zona Roja Cdmx. Ciudad de M\u00e9xico, 5 de noviembre de 2019.- \u201cSi no cambia el&hellip;<\/p>\n","protected":false},"author":2,"featured_media":5459,"comment_status":"closed","ping_status":"open","sticky":false,"template":"","format":"standard","meta":{"_lmt_disableupdate":"","_lmt_disable":"","_jetpack_memberships_contains_paid_content":false,"footnotes":""},"categories":[109],"tags":[963],"class_list":["post-5458","post","type-post","status-publish","format-standard","has-post-thumbnail","hentry","category-minuto-a-minuto","tag-gael-garcia-bernal"],"jetpack_featured_media_url":"https:\/\/zonaroja.com.mx\/wp-content\/uploads\/2019\/11\/Gael.jpg","jetpack_sharing_enabled":true,"_links":{"self":[{"href":"https:\/\/zonaroja.com.mx\/index.php?rest_route=\/wp\/v2\/posts\/5458","targetHints":{"allow":["GET"]}}],"collection":[{"href":"https:\/\/zonaroja.com.mx\/index.php?rest_route=\/wp\/v2\/posts"}],"about":[{"href":"https:\/\/zonaroja.com.mx\/index.php?rest_route=\/wp\/v2\/types\/post"}],"author":[{"embeddable":true,"href":"https:\/\/zonaroja.com.mx\/index.php?rest_route=\/wp\/v2\/users\/2"}],"replies":[{"embeddable":true,"href":"https:\/\/zonaroja.com.mx\/index.php?rest_route=%2Fwp%2Fv2%2Fcomments&post=5458"}],"version-history":[{"count":1,"href":"https:\/\/zonaroja.com.mx\/index.php?rest_route=\/wp\/v2\/posts\/5458\/revisions"}],"predecessor-version":[{"id":5460,"href":"https:\/\/zonaroja.com.mx\/index.php?rest_route=\/wp\/v2\/posts\/5458\/revisions\/5460"}],"wp:featuredmedia":[{"embeddable":true,"href":"https:\/\/zonaroja.com.mx\/index.php?rest_route=\/wp\/v2\/media\/5459"}],"wp:attachment":[{"href":"https:\/\/zonaroja.com.mx\/index.php?rest_route=%2Fwp%2Fv2%2Fmedia&parent=5458"}],"wp:term":[{"taxonomy":"category","embeddable":true,"href":"https:\/\/zonaroja.com.mx\/index.php?rest_route=%2Fwp%2Fv2%2Fcategories&post=5458"},{"taxonomy":"post_tag","embeddable":true,"href":"https:\/\/zonaroja.com.mx\/index.php?rest_route=%2Fwp%2Fv2%2Ftags&post=5458"}],"curies":[{"name":"wp","href":"https:\/\/api.w.org\/{rel}","templated":true}]}}