{"id":54580,"date":"2023-04-25T22:44:00","date_gmt":"2023-04-26T03:44:00","guid":{"rendered":"http:\/\/www.zonaroja.com.mx\/?p=54580"},"modified":"2023-04-25T22:44:03","modified_gmt":"2023-04-26T03:44:03","slug":"en-menos-de-12-horas-tres-ejecutados-a-balazos-en-oaxaca-entre-ellos-un-ex-edil","status":"publish","type":"post","link":"https:\/\/zonaroja.com.mx\/?p=54580","title":{"rendered":"En menos de 12 horas, tres ejecutados a balazos en Oaxaca, entre ellos un ex edil"},"content":{"rendered":"\n<p>Ismael Garc\u00eda M.\/Zona Roja.<\/p>\n\n\n\n<p>Oaxaca de Ju\u00e1rez, Oax., a 25 de abril de 2023.- En menos de 12 horas, tres personas fueron asesinadas a balazos en Oaxaca, entre ellas un ex presidente municipal.<\/p>\n\n\n\n<p>Esta noche, en la calle Revoluci\u00f3n del municipio de Santa Catarina Juquila, cerca del pante\u00f3n municipal, un grupo armado atac\u00f3 al ex edil Francisco Z. P., quien muri\u00f3 al instante.<\/p>\n\n\n\n<p>Mientras que una mujer a\u00fan no identificada, fue trasladada al hospital de dicho municipio de la regi\u00f3n Costa del estado; hasta el momento se desconoce qui\u00e9nes lo ultimaron, as\u00ed como los motivos.<\/p>\n\n\n\n<p>Mientras que la tarde de hoy en Salina Cruz, municipio de la regi\u00f3n Istmo de Oaxaca, fue ultimado un individuo identificado de manera preliminar como Mariano L. M., de 44 a\u00f1os de edad.<\/p>\n\n\n\n<p>La agresi\u00f3n a balazos ocurri\u00f3 en un domicilio de la calle Miramar de la colonia San Miguelito y el o los probables responsables lograron huir, ante la ausencia de polic\u00edas municipales estatales y municipales en la zona.<\/p>\n\n\n\n<p>Mientras que la tarde de hoy, en la carretera que comunica de Pinotepa Nacional a San Pedro Jicay\u00e1n, en jurisdicci\u00f3n de este \u00faltimo municipio de la regi\u00f3n Costa, fue asesinado a balazos un individuo.<\/p>\n\n\n\n<p>La v\u00edctima viajaba a bordo de una camioneta particular, cuando un grupo armado surgi\u00f3 y lo acribill\u00f3, tras lo cual huy\u00f3.<\/p>\n\n\n\n<p>La Fiscal\u00eda General del Estado de Oaxaca inici\u00f3 las respectivas carpetas de investigaci\u00f3n para dar con el paradero del o de los responsables de los casos.<\/p>\n\n\n\n<figure class=\"wp-block-embed is-type-rich is-provider-twitter wp-block-embed-twitter\"><div class=\"wp-block-embed__wrapper\">\n<div class=\"twitter-tweet\"><blockquote class=\"twitter-tweet\" data-lang=\"es\"><p lang=\"es\" dir=\"ltr\">En el ataque armado registrado esta noche en Santa Catarina <a href=\"https:\/\/twitter.com\/hashtag\/Juquila?src=hash&amp;ref_src=twsrc%5Etfw\">#Juquila<\/a>, en que fue ultimado el ex edil, tambi\u00e9n result\u00f3 lesionada una mujer, que fue trasladada al hospital de dicho municipio, perteneciente a la regi\u00f3n costa de <a href=\"https:\/\/twitter.com\/hashtag\/Oaxaca?src=hash&amp;ref_src=twsrc%5Etfw\">#Oaxaca<\/a>. <a href=\"https:\/\/t.co\/i1cCaebpNR\">pic.twitter.com\/i1cCaebpNR<\/a><\/p>&mdash; Zona Roja Oaxaca (@ZonaRoja_Oaxaca) <a href=\"https:\/\/twitter.com\/ZonaRoja_Oaxaca\/status\/1651056169312571392?ref_src=twsrc%5Etfw\">26 de abril de 2023<\/a><\/blockquote><\/div>\n<\/div><\/figure>\n","protected":false},"excerpt":{"rendered":"<p>Ismael Garc\u00eda M.\/Zona Roja. Oaxaca de Ju\u00e1rez, Oax., a 25 de abril de 2023.- En&hellip;<\/p>\n","protected":false},"author":2,"featured_media":54581,"comment_status":"closed","ping_status":"open","sticky":false,"template":"","format":"standard","meta":{"_lmt_disableupdate":"","_lmt_disable":"","_jetpack_memberships_contains_paid_content":false,"footnotes":""},"categories":[1],"tags":[168,545],"class_list":["post-54580","post","type-post","status-publish","format-standard","has-post-thumbnail","hentry","category-sin-categoria","tag-salina-cruz","tag-santa-catarina-juquila"],"jetpack_featured_media_url":"https:\/\/zonaroja.com.mx\/wp-content\/uploads\/2023\/04\/Ejecutado-Santa-Catarina-Juquila.jpg","jetpack_sharing_enabled":true,"_links":{"self":[{"href":"https:\/\/zonaroja.com.mx\/index.php?rest_route=\/wp\/v2\/posts\/54580","targetHints":{"allow":["GET"]}}],"collection":[{"href":"https:\/\/zonaroja.com.mx\/index.php?rest_route=\/wp\/v2\/posts"}],"about":[{"href":"https:\/\/zonaroja.com.mx\/index.php?rest_route=\/wp\/v2\/types\/post"}],"author":[{"embeddable":true,"href":"https:\/\/zonaroja.com.mx\/index.php?rest_route=\/wp\/v2\/users\/2"}],"replies":[{"embeddable":true,"href":"https:\/\/zonaroja.com.mx\/index.php?rest_route=%2Fwp%2Fv2%2Fcomments&post=54580"}],"version-history":[{"count":1,"href":"https:\/\/zonaroja.com.mx\/index.php?rest_route=\/wp\/v2\/posts\/54580\/revisions"}],"predecessor-version":[{"id":54582,"href":"https:\/\/zonaroja.com.mx\/index.php?rest_route=\/wp\/v2\/posts\/54580\/revisions\/54582"}],"wp:featuredmedia":[{"embeddable":true,"href":"https:\/\/zonaroja.com.mx\/index.php?rest_route=\/wp\/v2\/media\/54581"}],"wp:attachment":[{"href":"https:\/\/zonaroja.com.mx\/index.php?rest_route=%2Fwp%2Fv2%2Fmedia&parent=54580"}],"wp:term":[{"taxonomy":"category","embeddable":true,"href":"https:\/\/zonaroja.com.mx\/index.php?rest_route=%2Fwp%2Fv2%2Fcategories&post=54580"},{"taxonomy":"post_tag","embeddable":true,"href":"https:\/\/zonaroja.com.mx\/index.php?rest_route=%2Fwp%2Fv2%2Ftags&post=54580"}],"curies":[{"name":"wp","href":"https:\/\/api.w.org\/{rel}","templated":true}]}}