{"id":54585,"date":"2023-04-26T07:30:00","date_gmt":"2023-04-26T12:30:00","guid":{"rendered":"http:\/\/www.zonaroja.com.mx\/?p=54585"},"modified":"2023-04-26T07:49:44","modified_gmt":"2023-04-26T12:49:44","slug":"vinculan-a-proceso-a-sujeto-por-pederastia-en-el-istmo","status":"publish","type":"post","link":"https:\/\/zonaroja.com.mx\/?p=54585","title":{"rendered":"Vinculan a proceso a sujeto por pederastia, en el Istmo"},"content":{"rendered":"\n<p>Redacci\u00f3n\/Zona Roja.<\/p>\n\n\n\n<p>Oaxaca de Ju\u00e1rez, Oax., a 26 de abril de 2023.- La Fiscal\u00eda General del Estado de Oaxaca (FGEO) obtuvo auto de vinculaci\u00f3n a proceso y prisi\u00f3n preventiva, en contra de un hombre identificado con las iniciales P. J. Z., por el delito de pederastia, cometido en contra de una ni\u00f1a, en la regi\u00f3n del Istmo de Tehuantepec.<\/p>\n\n\n\n<p>De acuerdo con la causa penal, los hechos ocurrieron en dos ocasiones, en junio de 2021 y agosto de 2022, cuando la v\u00edctima ten\u00eda 10 y 11 a\u00f1os, respectivamente, y en cada una de las cuales sufri\u00f3 agresi\u00f3n sexual.<\/p>\n\n\n\n<p>En ambas ocasiones, la v\u00edctima se encontraba en un domicilio particular, ubicado en el municipio de Salina Cruz.<\/p>\n\n\n\n<p>Luego de tomar conocimiento del caso, la Vicefiscal\u00eda Regional del Istmo realiz\u00f3 las investigaciones por las cuales se logr\u00f3 la aprehensi\u00f3n de P. J. Z., por lo que qued\u00f3 a disposici\u00f3n del Juez que atiende la causa, quien, tras evaluar las pruebas, decidi\u00f3 vincularlo a proceso por el delito de pederastia.<\/p>\n\n\n\n<p>Las investigaciones por delitos cometidos en contra de ni\u00f1as, ni\u00f1os y adolescente, son prioridad para la Fiscal\u00eda de Oaxaca, principalmente cuando se vulneran sus derechos, por lo que un equipo especializado trabaja para que las v\u00edctimas tengan acompa\u00f1amiento integral y acceso pleno&nbsp;a&nbsp;la&nbsp;justicia.<\/p>\n\n\n\n<p>CASO JUQUILA<\/p>\n\n\n\n<p>Por otra parte, la Fiscal\u00eda General del Estado de Oaxaca (FGEO) inici\u00f3 una carpeta de investigaci\u00f3n por el delito de homicidio calificado, cometido contra la persona del sexo masculino identificada por las iniciales F. Z. P., en hechos ocurridos en calles de Santa Catarina Juquila, en la regi\u00f3n de la Costa.<\/p>\n\n\n\n<p>De acuerdo con las primeras indagatorias, la tarde de este martes, la v\u00edctima identificada como F. Z. P., fue atacada con armas de fuego cuando se encontraba a un costado del pante\u00f3n de dicho municipio.&nbsp;<\/p>\n\n\n\n<p>Luego de la agresi\u00f3n, la Fiscal\u00eda de Oaxaca tom\u00f3 conocimiento del caso a trav\u00e9s de la Vicefiscal\u00eda Regional de la Costa que inici\u00f3 la carpeta de investigaci\u00f3n correspondiente por el delito de homicidio calificado, adem\u00e1s que orden\u00f3 el despliegue de un equipo multidisciplinario para procesar las evidencias e indicios en el lugar de los hechos.<\/p>\n\n\n\n<p>Derivado de las investigaciones iniciales, se logr\u00f3 establecer que F. Z. P. era ex presidente municipal de Santa Catarina Juquila.<\/p>\n\n\n\n<p>La Fiscal\u00eda de Oaxaca mantiene el compromiso de procurar justicia a las v\u00edctimas directas e indirectas de hechos de alto impacto para la sociedad, por lo que cuenta con expertos en materia jur\u00eddica y de an\u00e1lisis cient\u00edfico y t\u00e9cnico que dan certeza a las pruebas aportadas en el proceso de esclarecimiento&nbsp;de&nbsp;casos.<\/p>\n","protected":false},"excerpt":{"rendered":"<p>Redacci\u00f3n\/Zona Roja. Oaxaca de Ju\u00e1rez, Oax., a 26 de abril de 2023.- La Fiscal\u00eda General&hellip;<\/p>\n","protected":false},"author":2,"featured_media":44181,"comment_status":"closed","ping_status":"open","sticky":false,"template":"","format":"standard","meta":{"_lmt_disableupdate":"","_lmt_disable":"","_jetpack_memberships_contains_paid_content":false,"footnotes":""},"categories":[109,46],"tags":[494],"class_list":["post-54585","post","type-post","status-publish","format-standard","has-post-thumbnail","hentry","category-minuto-a-minuto","category-zona-blanca","tag-fiscalia-general-del-estado-de-oaxaca"],"jetpack_featured_media_url":"https:\/\/zonaroja.com.mx\/wp-content\/uploads\/2022\/08\/Pederastia.jpeg","jetpack_sharing_enabled":true,"_links":{"self":[{"href":"https:\/\/zonaroja.com.mx\/index.php?rest_route=\/wp\/v2\/posts\/54585","targetHints":{"allow":["GET"]}}],"collection":[{"href":"https:\/\/zonaroja.com.mx\/index.php?rest_route=\/wp\/v2\/posts"}],"about":[{"href":"https:\/\/zonaroja.com.mx\/index.php?rest_route=\/wp\/v2\/types\/post"}],"author":[{"embeddable":true,"href":"https:\/\/zonaroja.com.mx\/index.php?rest_route=\/wp\/v2\/users\/2"}],"replies":[{"embeddable":true,"href":"https:\/\/zonaroja.com.mx\/index.php?rest_route=%2Fwp%2Fv2%2Fcomments&post=54585"}],"version-history":[{"count":1,"href":"https:\/\/zonaroja.com.mx\/index.php?rest_route=\/wp\/v2\/posts\/54585\/revisions"}],"predecessor-version":[{"id":54586,"href":"https:\/\/zonaroja.com.mx\/index.php?rest_route=\/wp\/v2\/posts\/54585\/revisions\/54586"}],"wp:featuredmedia":[{"embeddable":true,"href":"https:\/\/zonaroja.com.mx\/index.php?rest_route=\/wp\/v2\/media\/44181"}],"wp:attachment":[{"href":"https:\/\/zonaroja.com.mx\/index.php?rest_route=%2Fwp%2Fv2%2Fmedia&parent=54585"}],"wp:term":[{"taxonomy":"category","embeddable":true,"href":"https:\/\/zonaroja.com.mx\/index.php?rest_route=%2Fwp%2Fv2%2Fcategories&post=54585"},{"taxonomy":"post_tag","embeddable":true,"href":"https:\/\/zonaroja.com.mx\/index.php?rest_route=%2Fwp%2Fv2%2Ftags&post=54585"}],"curies":[{"name":"wp","href":"https:\/\/api.w.org\/{rel}","templated":true}]}}