{"id":54592,"date":"2023-04-26T11:30:00","date_gmt":"2023-04-26T16:30:00","guid":{"rendered":"http:\/\/www.zonaroja.com.mx\/?p=54592"},"modified":"2023-04-26T08:06:12","modified_gmt":"2023-04-26T13:06:12","slug":"padre-de-estudiante-golpeado-en-chiapas-exige-justicia","status":"publish","type":"post","link":"https:\/\/zonaroja.com.mx\/?p=54592","title":{"rendered":"Padre de estudiante golpeado en Chiapas exige justicia"},"content":{"rendered":"\n<p>Redacci\u00f3n\/Zona Roja Cdmx,<\/p>\n\n\n\n<p>Ciudad de M\u00e9xico, a 26 de abril de 2023.- El pasado viernes, un adolescente de 13 a\u00f1os, identificado como \u00c9dgar, apareci\u00f3 en un video en el momento en el que da pu\u00f1etazos y&nbsp;patea a otro compa\u00f1ero de clases en, al menos, tres ocasiones, y casi lo deja inconsciente.&nbsp;<\/p>\n\n\n\n<p>Esas im\u00e1genes se viralizaron entre este domingo y lunes, lo que gener\u00f3 miles de comentarios en las redes sociales en contra de este acto considerado como acoso escolar o \u201cbullying\u201d. De hecho, se advirti\u00f3 que el joven agresor practica un arte marcial.<\/p>\n\n\n\n<p>En entrevista, F\u00e9lix Le\u00f3n, padre de Francisco, el joven agredido brutalmente, advirti\u00f3 que acudi\u00f3 a la Fiscal\u00eda de su distrito para denunciar al agresor por lesiones y lo que resulte, en un hecho ocurrido en la Escuela Secundaria Bicentenario de la Independencia Nacional, ubicada en el municipio de Reforma, Chiapas.<\/p>\n\n\n\n<p>Tras afirmar que esa acci\u00f3n violenta qued\u00f3 asentada en el registro de atenci\u00f3n 0334-074-0816-2023 ante la mencionada dependencia, extern\u00f3 que en \u00e9sta tambi\u00e9n incluy\u00f3 al director de la escuela, Romeo S\u00e1nchez Vel\u00e1zquez, por omisi\u00f3n.<\/p>\n\n\n\n<p>Pese al panorama adverso, confi\u00f3 en que se har\u00e1 justicia porque es un hombre de leyes que siempre ha cre\u00eddo en las instituciones.<\/p>\n\n\n\n<p>F\u00e9lix espera que su hijo no presente complicaciones m\u00e9dicas o f\u00edsicas por los brutales golpes, aunque confirm\u00f3 que en estos d\u00edas ha presentado v\u00f3mito y dolor de cabeza, por ello ser\u00e1 sometido a una tomograf\u00eda para saber si hay un da\u00f1o mayor en su cerebro.<\/p>\n\n\n\n<p>VIDEO EDITADO<\/p>\n\n\n\n<p>En otro video con mayor duraci\u00f3n que circul\u00f3 este martes en algunos medios de comunicaci\u00f3n nacionales, se observa que \u201cPaquito\u201d, como le dicen a la v\u00edctima de la golpiza, supuestamente primero pate\u00f3 y lanz\u00f3 un pu\u00f1etazo a otro joven, como en evidencia de que \u00e9l fue el que empez\u00f3 a molestar y agredir y por eso Erick \u201centrar\u00eda en defensa\u201d.<\/p>\n\n\n\n<p>Sin embargo, F\u00e9lix Le\u00f3n advirti\u00f3 que ese material audiovisual est\u00e1 editado, porque su hijo fue agredido, en principio, por otro compa\u00f1ero, quien intent\u00f3 ahorcarlo, pero tras zafarse, se defendi\u00f3 de esa forma.<\/p>\n\n\n\n<p>\u201cMi hijo sufri\u00f3 doble acci\u00f3n, \u00e9l lo cont\u00f3 todo; la maestra los sac\u00f3 del sal\u00f3n porque carece de ventiladores y hace mucho calor, para darles clases en unos comedores, pero los dej\u00f3 solos, y fue ah\u00ed donde comenz\u00f3 la agresi\u00f3n; mi hijo me dijo: \u2018Papi, el primer ni\u00f1o me estaba ahorcando, y como pude me defend\u00ed\u2019\u201d.<\/p>\n\n\n\n<p>A pesar de esta situaci\u00f3n, confirm\u00f3 que su hijo no hab\u00eda sufrido antes de \u201cbullying\u201d.<\/p>\n\n\n\n<p>Seg\u00fan \u00e9l, Francisco tiene una discapacidad en la mano izquierda, pues hace cinco a\u00f1os le cay\u00f3 una porter\u00eda de metal encima, y por eso no se puede defender bien; adem\u00e1s, fue operado del ap\u00e9ndice cuando era m\u00e1s ni\u00f1o.<\/p>\n\n\n\n<p>DIRECTIVOS CALLARON<\/p>\n\n\n\n<p>Incluso, revel\u00f3 que ese d\u00eda Paquito, de primer grado de secundaria, no les dijo nada cuando lleg\u00f3 a su casa, y s\u00f3lo se fue a dormir tras argumentar que se sent\u00eda cansado; sin embargo, por la tarde de ese mismo d\u00eda de la agresi\u00f3n, vieron el video donde aparec\u00eda \u00e9l. \u201cLos directivos no nos avisaron\u201d.<\/p>\n\n\n\n<p>De hecho, cont\u00f3 que este martes hubo una protesta en ese centro educativo, en donde otros 20 padres y madres expusieron su molestia en contra del director del mismo que, seg\u00fan ellos, no ha atendido casos de \u201cbullying\u201d en contra de sus hijos.<\/p>\n\n\n\n<p>\u201cEstuvieron el supervisor de la zona y un representante de la Secretar\u00eda de Educaci\u00f3n estatal, a quienes les pedimos la destituci\u00f3n del director, que se acabe el acoso escolar, y que los directivos y maestros pongan m\u00e1s atenci\u00f3n a sus alumnos; al director ah\u00ed mismo le dijimos que es omiso, que nunca hace caso\u201d.<\/p>\n\n\n\n<p>Aunque por el momento \u201cPaquito\u201d no asistir\u00e1 a la escuela debido a que a\u00fan ser\u00e1 valorado por m\u00e9dicos, F\u00e9lix revel\u00f3 que el ni\u00f1o, quien ya recibi\u00f3 apoyo psicol\u00f3gico por parte de la Fiscal\u00eda, tiene deseos de regresar a sus clases e inclusive le mencion\u00f3 que ya no le tramite m\u00e1s permisos para faltar a su centro escolar.<\/p>\n\n\n\n<p>\u201cComo padres, s\u00f3lo pedimos m\u00e1s atenci\u00f3n al tema del acoso escolar\u201d finaliz\u00f3<\/p>\n\n\n\n<p>(Informaci\u00f3n de \u201cLa Silla Rota\u201d)<\/p>\n","protected":false},"excerpt":{"rendered":"<p>Redacci\u00f3n\/Zona Roja Cdmx, Ciudad de M\u00e9xico, a 26 de abril de 2023.- El pasado viernes,&hellip;<\/p>\n","protected":false},"author":2,"featured_media":54593,"comment_status":"closed","ping_status":"open","sticky":false,"template":"","format":"standard","meta":{"_lmt_disableupdate":"","_lmt_disable":"","_jetpack_memberships_contains_paid_content":false,"footnotes":""},"categories":[109,47],"tags":[1201],"class_list":["post-54592","post","type-post","status-publish","format-standard","has-post-thumbnail","hentry","category-minuto-a-minuto","category-zona-gris","tag-chiapas"],"jetpack_featured_media_url":"https:\/\/zonaroja.com.mx\/wp-content\/uploads\/2023\/04\/Estudiante-golpeado-en-Chiapas.jpeg","jetpack_sharing_enabled":true,"_links":{"self":[{"href":"https:\/\/zonaroja.com.mx\/index.php?rest_route=\/wp\/v2\/posts\/54592","targetHints":{"allow":["GET"]}}],"collection":[{"href":"https:\/\/zonaroja.com.mx\/index.php?rest_route=\/wp\/v2\/posts"}],"about":[{"href":"https:\/\/zonaroja.com.mx\/index.php?rest_route=\/wp\/v2\/types\/post"}],"author":[{"embeddable":true,"href":"https:\/\/zonaroja.com.mx\/index.php?rest_route=\/wp\/v2\/users\/2"}],"replies":[{"embeddable":true,"href":"https:\/\/zonaroja.com.mx\/index.php?rest_route=%2Fwp%2Fv2%2Fcomments&post=54592"}],"version-history":[{"count":1,"href":"https:\/\/zonaroja.com.mx\/index.php?rest_route=\/wp\/v2\/posts\/54592\/revisions"}],"predecessor-version":[{"id":54594,"href":"https:\/\/zonaroja.com.mx\/index.php?rest_route=\/wp\/v2\/posts\/54592\/revisions\/54594"}],"wp:featuredmedia":[{"embeddable":true,"href":"https:\/\/zonaroja.com.mx\/index.php?rest_route=\/wp\/v2\/media\/54593"}],"wp:attachment":[{"href":"https:\/\/zonaroja.com.mx\/index.php?rest_route=%2Fwp%2Fv2%2Fmedia&parent=54592"}],"wp:term":[{"taxonomy":"category","embeddable":true,"href":"https:\/\/zonaroja.com.mx\/index.php?rest_route=%2Fwp%2Fv2%2Fcategories&post=54592"},{"taxonomy":"post_tag","embeddable":true,"href":"https:\/\/zonaroja.com.mx\/index.php?rest_route=%2Fwp%2Fv2%2Ftags&post=54592"}],"curies":[{"name":"wp","href":"https:\/\/api.w.org\/{rel}","templated":true}]}}