{"id":54599,"date":"2023-04-26T12:25:00","date_gmt":"2023-04-26T17:25:00","guid":{"rendered":"http:\/\/www.zonaroja.com.mx\/?p=54599"},"modified":"2023-04-26T08:31:49","modified_gmt":"2023-04-26T13:31:49","slug":"feministas-y-organismos-civiles-exigen-al-gobierno-detener-ola-feminicida","status":"publish","type":"post","link":"https:\/\/zonaroja.com.mx\/?p=54599","title":{"rendered":"Feministas y organismos civiles exigen al gobierno detener ola feminicida"},"content":{"rendered":"\n<p>Redacci\u00f3n\/Zona Roja.<\/p>\n\n\n\n<p>Oaxaca de Ju\u00e1rez, Oax., a 26 de abril de 2023.- A&nbsp;casi&nbsp;cinco meses de haber iniciado la administraci\u00f3n de Salom\u00f3n Jara Cruz,&nbsp;23&nbsp;organizaciones&nbsp;y colectivas, &nbsp;as\u00ed como&nbsp;57&nbsp;mujeres de diversas representaciones&nbsp;de la sociedad civil,&nbsp;feministas&nbsp;y&nbsp;v\u00edctimas de violencia,&nbsp;alertaron sobre &nbsp;el grave riesgo en el que se encuentran las mujeres, y principalmente las ni\u00f1as,&nbsp;ante la imparable violencia&nbsp;feminicida&nbsp;en Oaxaca&nbsp;y &nbsp;exigieron&nbsp;al Estado&nbsp;atender&nbsp;esta problem\u00e1tica&nbsp;de manera inmediata.<\/p>\n\n\n\n<p>Denunciaron que&nbsp;los&nbsp;feminicidios&nbsp;siguen increment\u00e1ndose en total impunidad, &nbsp;indiferencia institucional y al amparo del Ejecutivo estatal, quien con su omisi\u00f3n como gobernante en turno ha perpetuado una pol\u00edtica de Estado que no solo olvida y&nbsp;revictimiza&nbsp;a &nbsp;las mujeres, sino que solapa la violencia de g\u00e9nero.<\/p>\n\n\n\n<p>\u201cUn caso concreto es el solapamiento de impunidad de Donato Vargas Jim\u00e9nez, &nbsp;coordinador de Delegados por la Paz del gobierno del Estado, y acusado de violencia de g\u00e9nero, &nbsp;cuya permanencia en la actual administraci\u00f3n constituye en s\u00ed mismo un mensaje permisivo del&nbsp;feminicidio&nbsp;en Oaxaca\u201d, acusaron a trav\u00e9s de un pronunciamiento p\u00fablico.&nbsp;<\/p>\n\n\n\n<p>Aunado a ello \u2013se\u00f1alaron-&nbsp;se han remitido denuncias a las Instancias, sin embargo las respuestas han sido dilatadas o nulas, especialmente&nbsp;en las comunidades, donde &nbsp;el aparato de Estado ha permanecido &nbsp;pasivo.&nbsp;<\/p>\n\n\n\n<p>Y recriminaron que tampoco se hayan&nbsp;hecho p\u00fablicas las acciones para alcanzar la paridad en este 2023 en cumplimiento de la sentencia de la Suprema Corte de Justicia de la Naci\u00f3n &nbsp;(SCJN).&nbsp;<\/p>\n\n\n\n<p>A trav\u00e9s de este documento,&nbsp;exigieron &nbsp;a Salom\u00f3n Jara Cruz &nbsp;asumir una postura clara y sin ambig\u00fcedades ante la&nbsp;violencia&nbsp;feminicida:&nbsp;pasar del discurso institucional a las acciones concretas, pol\u00edticas p\u00fablicas eficaces&nbsp;y justicia para las v\u00edctimas.&nbsp;<\/p>\n\n\n\n<p>Acorde con ello,&nbsp;urgieron a&nbsp;las dependencias a establecer coordinaci\u00f3n interinstitucional para atender las denuncias de mujeres v\u00edctimas: \u201cExigimos que las dependencias gubernamentales, como es el caso de la Secretar\u00eda de las Mujeres de Oaxaca (SMO), accionen &nbsp;una pol\u00edtica de Estado de Emergencia&nbsp;y acorde a la alerta de g\u00e9nero\u201d.&nbsp;<\/p>\n\n\n\n<p>Adem\u00e1s, exigieron &nbsp;a la Fiscal\u00eda que haga p\u00fablicas las estrategias de rezago de ejecuci\u00f3n de \u00f3rdenes de protecci\u00f3n, adem\u00e1s de conocer de qu\u00e9 manera va a contribuir a la erradicaci\u00f3n del&nbsp;feminicidio&nbsp;desde su&nbsp;campo de acci\u00f3n.&nbsp;<\/p>\n\n\n\n<p>Cabe destacar que tan solo del 1 de diciembre al d\u00eda de hoy, de acuerdo con la Plataforma de Violencia&nbsp;Feminicida&nbsp;de Consorcio Oaxaca, se han registrado al menos 51&nbsp;asesinatos de mujeres&nbsp;en la entidad; cada uno de ellos con m\u00e1s crueldad que el anterior, dejando una estela de dolor e injusticia en las familias de las v\u00edctimas.&nbsp;<\/p>\n\n\n\n<p>Apenas el &nbsp;15 de abril pasado, en el municipio de Santa Cruz&nbsp;Xoxocotl\u00e1n&nbsp;en los Valles Centrales de Oaxaca, Keyla, una joven &nbsp;de 21 a\u00f1os, fue rociada con&nbsp;thinner&nbsp;por su pareja, quien no conforme con esa acci\u00f3n, procedi\u00f3 a prenderle fuego directamente, provoc\u00e1ndole con ello, quemaduras de segundo y tercer grado.<\/p>\n\n\n\n<p>Carlos \u201cN\u201d, identificado como&nbsp;el&nbsp;agresor de Keyla, fue vinculado a proceso; sin embargo, el juez consider\u00f3 que no exist\u00eda la intenci\u00f3n de matarla, por lo que reclasific\u00f3 el delito por &nbsp;\u201calteraciones a la salud por raz\u00f3n de g\u00e9nero\u201d, un delito que no es legalmente considerado grave.&nbsp;<\/p>\n\n\n\n<p>\u201cEs&nbsp;lamentable que en ese contexto, el Tribunal Superior de Justicia &nbsp;del Estado de Oaxaca (TSJEO) no se aboque &nbsp;a aplicar criterios con perspectiva de g\u00e9nero, favoreciendo con ello&nbsp;a los agresores y&nbsp;feminicidas\u201d, subrayaron.&nbsp;<\/p>\n","protected":false},"excerpt":{"rendered":"<p>Redacci\u00f3n\/Zona Roja. Oaxaca de Ju\u00e1rez, Oax., a 26 de abril de 2023.- A&nbsp;casi&nbsp;cinco meses de&hellip;<\/p>\n","protected":false},"author":2,"featured_media":24578,"comment_status":"closed","ping_status":"open","sticky":false,"template":"","format":"standard","meta":{"_lmt_disableupdate":"","_lmt_disable":"","_jetpack_memberships_contains_paid_content":false,"footnotes":""},"categories":[109,47],"tags":[548,610],"class_list":["post-54599","post","type-post","status-publish","format-standard","has-post-thumbnail","hentry","category-minuto-a-minuto","category-zona-gris","tag-consorcio-oaxaca","tag-feminicidios-oaxaca"],"jetpack_featured_media_url":"https:\/\/zonaroja.com.mx\/wp-content\/uploads\/2021\/03\/Feminicidios-Mexico-1.jpg","jetpack_sharing_enabled":true,"_links":{"self":[{"href":"https:\/\/zonaroja.com.mx\/index.php?rest_route=\/wp\/v2\/posts\/54599","targetHints":{"allow":["GET"]}}],"collection":[{"href":"https:\/\/zonaroja.com.mx\/index.php?rest_route=\/wp\/v2\/posts"}],"about":[{"href":"https:\/\/zonaroja.com.mx\/index.php?rest_route=\/wp\/v2\/types\/post"}],"author":[{"embeddable":true,"href":"https:\/\/zonaroja.com.mx\/index.php?rest_route=\/wp\/v2\/users\/2"}],"replies":[{"embeddable":true,"href":"https:\/\/zonaroja.com.mx\/index.php?rest_route=%2Fwp%2Fv2%2Fcomments&post=54599"}],"version-history":[{"count":1,"href":"https:\/\/zonaroja.com.mx\/index.php?rest_route=\/wp\/v2\/posts\/54599\/revisions"}],"predecessor-version":[{"id":54600,"href":"https:\/\/zonaroja.com.mx\/index.php?rest_route=\/wp\/v2\/posts\/54599\/revisions\/54600"}],"wp:featuredmedia":[{"embeddable":true,"href":"https:\/\/zonaroja.com.mx\/index.php?rest_route=\/wp\/v2\/media\/24578"}],"wp:attachment":[{"href":"https:\/\/zonaroja.com.mx\/index.php?rest_route=%2Fwp%2Fv2%2Fmedia&parent=54599"}],"wp:term":[{"taxonomy":"category","embeddable":true,"href":"https:\/\/zonaroja.com.mx\/index.php?rest_route=%2Fwp%2Fv2%2Fcategories&post=54599"},{"taxonomy":"post_tag","embeddable":true,"href":"https:\/\/zonaroja.com.mx\/index.php?rest_route=%2Fwp%2Fv2%2Ftags&post=54599"}],"curies":[{"name":"wp","href":"https:\/\/api.w.org\/{rel}","templated":true}]}}