{"id":54608,"date":"2023-04-26T18:39:12","date_gmt":"2023-04-26T23:39:12","guid":{"rendered":"http:\/\/www.zonaroja.com.mx\/?p=54608"},"modified":"2023-04-26T18:39:14","modified_gmt":"2023-04-26T23:39:14","slug":"reitera-seccion-22-del-snte-rechazo-a-reforma-de-amlo-que-transfiere-direccion-indigena-al-inpi-van-por-movilizaciones","status":"publish","type":"post","link":"https:\/\/zonaroja.com.mx\/?p=54608","title":{"rendered":"Reitera Secci\u00f3n 22 del SNTE rechazo a reforma de AMLO que transfiere direcci\u00f3n ind\u00edgena al INPI; van por movilizaciones"},"content":{"rendered":"\n<p>Yuridiana Sosa\/Zona Roja.<\/p>\n\n\n\n<p>Oaxaca de Ju\u00e1rez, Oax., a 26 de abril de 2023.- La Secci\u00f3n 22 del Sindicato Nacional de Trabajadores de la Educaci\u00f3n (SNTE) manifest\u00f3 su rechazo al paquete de reformas enviadas por el Presidente Andr\u00e9s Manuel L\u00f3pez Obrador, en la que se incluye que la Direcci\u00f3n General de Educaci\u00f3n Ind\u00edgena Intercultural y Biling\u00fce (DGEIIB), que pertenece a la SEP se transfiera al INPI.<\/p>\n\n\n\n<p>El Comit\u00e9 Ejecutivo Seccional de la gremial en Oaxaca calific\u00f3 esta propuesta como un retroceso en la educaci\u00f3n ind\u00edgenas del pa\u00eds y de la entidad, por lo que se declararon en alerta para el inicio de las movilizaciones necesarias en defensa de la permanencia de dicha Direcci\u00f3n, misma que se pasar\u00eda a la categor\u00eda de Unidad.<\/p>\n\n\n\n<p>Entre las primeras actividades masivas se anunci\u00f3 la marcha del&nbsp;1 de mayo&nbsp;a nivel nacional y estatal, en la que adem\u00e1s de realizar la entrega de sus pliegos de peticiones al gobierno federal y estatal, se expondr\u00e1 la exigencia de la no aprobaci\u00f3n a dicha reforma.<\/p>\n\n\n\n<p>La secretaria general de la Secci\u00f3n 22, Yenny Aracely P\u00e9rez Mart\u00ednez, se\u00f1al\u00f3 que esta iniciativa se present\u00f3 sin considerar las consecuencias educativas, ni claridad en una estructura, as\u00ed como tampoco en el \u00e1mbito laboral para miles de docentes que ahora depend\u00edan del Instituto Nacional de los Pueblos Ind\u00edgenas (INPI), adem\u00e1s que no se realiz\u00f3 la consulta libre, previa e informado en los pueblos originarios y sectores afectados.&nbsp;<\/p>\n\n\n\n<p>Desde la perspectiva del gremio, la propuesta de L\u00f3pez Obrador recae en un acto inconstitucional al violar el principio de progresividad a trav\u00e9s del cual la DGEIIB tendr\u00eda que pasar a ser una subsecretar\u00eda de la Secretar\u00eda de Educaci\u00f3n P\u00fablica y no bajarla de rango.<\/p>\n\n\n\n<p>As\u00ed mismo, apunt\u00f3, se pretende la desaparici\u00f3n del Instituto Nacional de Lenguas Ind\u00edgenas&nbsp;(Inali).<\/p>\n\n\n\n<p>\u201cExigimos al presidente y a los diputados el respeto a la educaci\u00f3n ind\u00edgena y rechazamos la desaparici\u00f3n del Inali\u201d<\/p>\n\n\n\n<p>El integrante del nivel del \u00e1rea jur\u00eddica, David Sandoval, manifest\u00f3 que con el traspaso aumentar\u00e1n las necesidades para este sector de por s\u00ed olvidado, pues el INPI mismo se ha quejado de la falta de recursos para solventar las necesidades de los pueblos.<\/p>\n\n\n\n<p>Con la reforma, aseguran, se afectar\u00e1 a m\u00e1s de tres mil 70 escuelas de este nivel y a m\u00e1s de 130 mil alumnos, quienes hasta ahora est\u00e1n bajo la Direcci\u00f3n General de Educaci\u00f3n de los Pueblos Originarios de Oaxaca de la Secci\u00f3n 22 del SNTE.<\/p>\n\n\n\n<figure class=\"wp-block-embed\"><div class=\"wp-block-embed__wrapper\">\n<div class=\"twitter-tweet\"><blockquote class=\"twitter-tweet\" data-lang=\"es\"><p lang=\"es\" dir=\"ltr\">En conferencia de prensa este d\u00eda, la Secci\u00f3n 22 del SNTE reiter\u00f3 su rechazo a la iniciativa del Poder Legislativo federal, para trasladar el nivel de educaci\u00f3n ind\u00edgena de la <a href=\"https:\/\/twitter.com\/SEP_mx?ref_src=twsrc%5Etfw\">@SEP_mx<\/a> al <a href=\"https:\/\/twitter.com\/INPImx?ref_src=twsrc%5Etfw\">@INPImx<\/a>. Anuncia intensa jornada de lucha. <a href=\"https:\/\/t.co\/IjJTkG2tbu\">pic.twitter.com\/IjJTkG2tbu<\/a><\/p>&mdash; Zona Roja Oaxaca (@ZonaRoja_Oaxaca) <a href=\"https:\/\/twitter.com\/ZonaRoja_Oaxaca\/status\/1651304083435683864?ref_src=twsrc%5Etfw\">26 de abril de 2023<\/a><\/blockquote><\/div>\n<\/div><\/figure>\n","protected":false},"excerpt":{"rendered":"<p>Yuridiana Sosa\/Zona Roja. Oaxaca de Ju\u00e1rez, Oax., a 26 de abril de 2023.- La Secci\u00f3n&hellip;<\/p>\n","protected":false},"author":2,"featured_media":54607,"comment_status":"closed","ping_status":"open","sticky":false,"template":"","format":"standard","meta":{"_lmt_disableupdate":"","_lmt_disable":"","_jetpack_memberships_contains_paid_content":false,"footnotes":""},"categories":[109,47],"tags":[312],"class_list":["post-54608","post","type-post","status-publish","format-standard","has-post-thumbnail","hentry","category-minuto-a-minuto","category-zona-gris","tag-seccion-22-del-snte"],"jetpack_featured_media_url":"https:\/\/zonaroja.com.mx\/wp-content\/uploads\/2023\/04\/5493a2ce-1e24-4bab-916d-4e724872f33e.jpg","jetpack_sharing_enabled":true,"_links":{"self":[{"href":"https:\/\/zonaroja.com.mx\/index.php?rest_route=\/wp\/v2\/posts\/54608","targetHints":{"allow":["GET"]}}],"collection":[{"href":"https:\/\/zonaroja.com.mx\/index.php?rest_route=\/wp\/v2\/posts"}],"about":[{"href":"https:\/\/zonaroja.com.mx\/index.php?rest_route=\/wp\/v2\/types\/post"}],"author":[{"embeddable":true,"href":"https:\/\/zonaroja.com.mx\/index.php?rest_route=\/wp\/v2\/users\/2"}],"replies":[{"embeddable":true,"href":"https:\/\/zonaroja.com.mx\/index.php?rest_route=%2Fwp%2Fv2%2Fcomments&post=54608"}],"version-history":[{"count":1,"href":"https:\/\/zonaroja.com.mx\/index.php?rest_route=\/wp\/v2\/posts\/54608\/revisions"}],"predecessor-version":[{"id":54609,"href":"https:\/\/zonaroja.com.mx\/index.php?rest_route=\/wp\/v2\/posts\/54608\/revisions\/54609"}],"wp:featuredmedia":[{"embeddable":true,"href":"https:\/\/zonaroja.com.mx\/index.php?rest_route=\/wp\/v2\/media\/54607"}],"wp:attachment":[{"href":"https:\/\/zonaroja.com.mx\/index.php?rest_route=%2Fwp%2Fv2%2Fmedia&parent=54608"}],"wp:term":[{"taxonomy":"category","embeddable":true,"href":"https:\/\/zonaroja.com.mx\/index.php?rest_route=%2Fwp%2Fv2%2Fcategories&post=54608"},{"taxonomy":"post_tag","embeddable":true,"href":"https:\/\/zonaroja.com.mx\/index.php?rest_route=%2Fwp%2Fv2%2Ftags&post=54608"}],"curies":[{"name":"wp","href":"https:\/\/api.w.org\/{rel}","templated":true}]}}