{"id":5461,"date":"2019-11-05T21:53:01","date_gmt":"2019-11-06T03:53:01","guid":{"rendered":"http:\/\/www.zonaroja.com.mx\/?p=5461"},"modified":"2019-11-05T21:53:04","modified_gmt":"2019-11-06T03:53:04","slug":"martes-de-terror-tres-ejecutados-asaltos-en-costa-y-capital-balean-oficina-vial","status":"publish","type":"post","link":"https:\/\/zonaroja.com.mx\/?p=5461","title":{"rendered":"Martes de terror: tres ejecutados, asaltos en Costa y capital; balean oficina vial"},"content":{"rendered":"\n<p>Redacci\u00f3n\/Zona\nRoja.<\/p>\n\n\n\n<p>Oaxaca de\nJu\u00e1rez, Oax., 5 de noviembre de 2019.- Tres personas ejecutadas a balazos, dos\nasaltos en Puerto Escondido con bot\u00edn cuantioso, dos m\u00e1s en la capital y ataque\narmado a una sede de la Polic\u00eda Vial en la Cuenca del Papaloapan, es el saldo\npreliminar de este martes en Oaxaca.<\/p>\n\n\n\n<p>En San Juan\nBautista Tuxtepec, donde el secretario de Seguridad P\u00fablica, Ra\u00fal Ernesto\nSalcedo Rosales, estuvo por tres d\u00edas y prometi\u00f3 reforzar estrategias y equipos\nde disuasi\u00f3n, poco despu\u00e9s de las 20:00 horas fue ultimado un individuo.<\/p>\n\n\n\n<p>Se trata del\nchofer de un cami\u00f3n del transporte de pasajeros, que transitaba con su unidad\nsobre la calle Libertad de la colonia La Piragua, una de las m\u00e1s violentas de\ndicha ciudad, cuando fue atacado a balazos.<\/p>\n\n\n\n<p>Fue trasladado a un hospital donde m\u00e1s tarde perdi\u00f3 la vida; de acuerdo con fuentes informativas de la Cuenca, es la v\u00edctima n\u00famero 106 en el primer a\u00f1o del edil Fernando Bautista D\u00e1vila, quien gobierna bajo las siglas del Partido Nueva Alianza.<\/p>\n\n\n\n<figure class=\"wp-block-image\"><img decoding=\"async\" width=\"888\" height=\"751\" src=\"http:\/\/www.zonaroja.com.mx\/wp-content\/uploads\/2019\/11\/Ejecutado-Tuxtepec.jpg\" alt=\"\" class=\"wp-image-5462\" srcset=\"https:\/\/zonaroja.com.mx\/wp-content\/uploads\/2019\/11\/Ejecutado-Tuxtepec.jpg 888w, https:\/\/zonaroja.com.mx\/wp-content\/uploads\/2019\/11\/Ejecutado-Tuxtepec-300x254.jpg 300w, https:\/\/zonaroja.com.mx\/wp-content\/uploads\/2019\/11\/Ejecutado-Tuxtepec-768x650.jpg 768w, https:\/\/zonaroja.com.mx\/wp-content\/uploads\/2019\/11\/Ejecutado-Tuxtepec-585x495.jpg 585w\" sizes=\"(max-width: 888px) 100vw, 888px\" \/><\/figure>\n\n\n\n<p>TAMBI\u00c9N EN COSTA<\/p>\n\n\n\n<p>En tanto,\nalrededor de las 19:30 horas, en la comunidad de Mazunte, con la denominaci\u00f3n\nde \u201cPueblo M\u00e1gico\u201d, fueron ultimados dos individuos que viajaban en un veh\u00edculo\nparticular.<\/p>\n\n\n\n<p>Los hechos sucedieron sobre el camino a la playa \u201cEl Rinconcito\u201d; las dos v\u00edctimas, j\u00f3venes, a\u00fan no han sido identificadas, mientras que una tercera persona result\u00f3 lesionada de bala. La Vicefiscal\u00eda Regional de la Costa confirm\u00f3 los hechos sucedidos en esa localidad del municipio de Santa Mar\u00eda Tonameca, Pochutla.<\/p>\n\n\n\n<figure class=\"wp-block-image\"><img decoding=\"async\" width=\"682\" height=\"582\" src=\"http:\/\/www.zonaroja.com.mx\/wp-content\/uploads\/2019\/11\/Ejecutados-Mazunte-2.jpg\" alt=\"\" class=\"wp-image-5463\" srcset=\"https:\/\/zonaroja.com.mx\/wp-content\/uploads\/2019\/11\/Ejecutados-Mazunte-2.jpg 682w, https:\/\/zonaroja.com.mx\/wp-content\/uploads\/2019\/11\/Ejecutados-Mazunte-2-300x256.jpg 300w, https:\/\/zonaroja.com.mx\/wp-content\/uploads\/2019\/11\/Ejecutados-Mazunte-2-585x499.jpg 585w\" sizes=\"(max-width: 682px) 100vw, 682px\" \/><\/figure>\n\n\n\n<p>Mientras\ntanto en Puerto Escondido se reportaron dos asaltos, el primero de ellos la\nmadrugada de hoy, a la sede de la Notar\u00eda P\u00fablica n\u00famero 57,ubicada en la calle\n1 Sur, donde sustrajeron al menos medio mill\u00f3n de pesos.<\/p>\n\n\n\n<p>La ma\u00f1ana de\nayer fue atracada una sucursal de la cadena Oxxo, instalada en la colonia Aeropuerto\nde Puerto Escondido; sujetos armados amagaron a los empleados y les robaron al\nmenos 150 mil pesos, tras lo cual huyeron.<\/p>\n\n\n\n<p>En tanto, en\nla capital oaxaque\u00f1a se difundieron videos de dos asaltos cometidos, uno a una\nfamilia, en la agencia de Santa Rosa Panzacola, y otro a un establecimiento\ncomercial, en la agencia de Pueblo Nuevo.<\/p>\n\n\n\n<p>Por otro\nlado, ayer por la madrugada sujetos armados rafaguearon la sede de la Polic\u00eda\nVial Estatal, en la comunidad de Temascal, municipio de San Miguel Soyaltepec,\nen la regi\u00f3n de la Cuenca.<\/p>\n\n\n\n<p>La fachada\ndel inmueble, ubicado en la calle 7, entre las avenidas 1 y 2, presenta varios\nimpactos de bala, al igual que una patrulla estacionada; no se reportaron\nv\u00edctimas.<\/p>\n","protected":false},"excerpt":{"rendered":"<p>Redacci\u00f3n\/Zona Roja. Oaxaca de Ju\u00e1rez, Oax., 5 de noviembre de 2019.- Tres personas ejecutadas a&hellip;<\/p>\n","protected":false},"author":2,"featured_media":5464,"comment_status":"closed","ping_status":"open","sticky":false,"template":"","format":"standard","meta":{"_lmt_disableupdate":"","_lmt_disable":"","_jetpack_memberships_contains_paid_content":false,"footnotes":""},"categories":[109,51],"tags":[825,118,964],"class_list":["post-5461","post","type-post","status-publish","format-standard","has-post-thumbnail","hentry","category-minuto-a-minuto","category-zona-roja","tag-mazunte","tag-san-juan-bautista-tuxtepec","tag-violencia-oaxaca"],"jetpack_featured_media_url":"https:\/\/zonaroja.com.mx\/wp-content\/uploads\/2019\/11\/Ejecutados-Mazunte-1.jpg","jetpack_sharing_enabled":true,"_links":{"self":[{"href":"https:\/\/zonaroja.com.mx\/index.php?rest_route=\/wp\/v2\/posts\/5461","targetHints":{"allow":["GET"]}}],"collection":[{"href":"https:\/\/zonaroja.com.mx\/index.php?rest_route=\/wp\/v2\/posts"}],"about":[{"href":"https:\/\/zonaroja.com.mx\/index.php?rest_route=\/wp\/v2\/types\/post"}],"author":[{"embeddable":true,"href":"https:\/\/zonaroja.com.mx\/index.php?rest_route=\/wp\/v2\/users\/2"}],"replies":[{"embeddable":true,"href":"https:\/\/zonaroja.com.mx\/index.php?rest_route=%2Fwp%2Fv2%2Fcomments&post=5461"}],"version-history":[{"count":1,"href":"https:\/\/zonaroja.com.mx\/index.php?rest_route=\/wp\/v2\/posts\/5461\/revisions"}],"predecessor-version":[{"id":5465,"href":"https:\/\/zonaroja.com.mx\/index.php?rest_route=\/wp\/v2\/posts\/5461\/revisions\/5465"}],"wp:featuredmedia":[{"embeddable":true,"href":"https:\/\/zonaroja.com.mx\/index.php?rest_route=\/wp\/v2\/media\/5464"}],"wp:attachment":[{"href":"https:\/\/zonaroja.com.mx\/index.php?rest_route=%2Fwp%2Fv2%2Fmedia&parent=5461"}],"wp:term":[{"taxonomy":"category","embeddable":true,"href":"https:\/\/zonaroja.com.mx\/index.php?rest_route=%2Fwp%2Fv2%2Fcategories&post=5461"},{"taxonomy":"post_tag","embeddable":true,"href":"https:\/\/zonaroja.com.mx\/index.php?rest_route=%2Fwp%2Fv2%2Ftags&post=5461"}],"curies":[{"name":"wp","href":"https:\/\/api.w.org\/{rel}","templated":true}]}}