{"id":54610,"date":"2023-04-26T20:30:53","date_gmt":"2023-04-27T01:30:53","guid":{"rendered":"http:\/\/www.zonaroja.com.mx\/?p=54610"},"modified":"2023-04-26T20:30:58","modified_gmt":"2023-04-27T01:30:58","slug":"confirma-amlo-que-si-se-desmayo-y-se-le-bajo-la-presion-por-complicaciones-de-covid","status":"publish","type":"post","link":"https:\/\/zonaroja.com.mx\/?p=54610","title":{"rendered":"Confirma AMLO que s\u00ed se desmay\u00f3 y se le baj\u00f3 la presi\u00f3n, por complicaciones de Covid"},"content":{"rendered":"\n<p>Redacci\u00f3n\/Zona Roja Cdmx.<\/p>\n\n\n\n<p>Ciudad de M\u00e9xico, a 26 de abril de 2023.- El presidente Andr\u00e9s Manuel L\u00f3pez Obrador (AMLO) reapareci\u00f3 hoy p\u00fablicamente mediante un video en redes sociales en donde cont\u00f3 que actualmente se encuentra mejor de salud y quiso explicar que fue lo que sucedi\u00f3 durante el pasado fin de semana mientras estaba de gira en el sureste mexicano, debido a las especulaciones que comenzaron a surgir.<\/p>\n\n\n\n<p>\u201cComo presidente de M\u00e9xico tengo la responsabilidad de informarles sobre mi estado de salud. Ya lo hice, pero, de todas maneras, como han habido especulaciones es importante decirles que estoy bien que tengo Covid, se me complic\u00f3\u201d, fueron las primeras palabras que emiti\u00f3 el presidente.<\/p>\n\n\n\n<p>Posteriormente, el titular del Ejecutivo record\u00f3 que el fin de semana anterior se encontraba de gira en el sureste mexicano en donde visit\u00f3 varias entidades con el fin de supervisar algunas obras del gobierno federal; sin embargo, reconoci\u00f3 que el contagio \u201cle hizo crisis\u201d debido a las altas temperaturas, lo que provoc\u00f3 que la presi\u00f3n se le bajara.<\/p>\n\n\n\n<p>\u201cEstando en una reuni\u00f3n con ingenieros militares evaluando el Tren Maya y con otros servidores p\u00fablicos como que me qued\u00e9 dormido, fue una especie de vah\u00eddo, como se dice coloquialmente. Llegaron inmediatamente los m\u00e9dicos y me atendieron\u201d, explic\u00f3.<\/p>\n\n\n\n<p>Fue en ese momento en el que se confirm\u00f3 que s\u00ed se desmay\u00f3 y estuvo algunos segundos sin conocimiento, raz\u00f3n por la que se habr\u00eda propuesto llevarlo en camilla y en una ambulancia al hospital; a lo que el titular de la Secretar\u00eda de la Defensa Nacional (Sedena), Luis Cresencio Sandoval, indic\u00f3 que se hiciera lo necesario para salvaguardar la integridad del presidente.<\/p>\n\n\n\n<p>No obstante, el mandatario record\u00f3 que no acept\u00f3 la propuesta y, en cambio, explic\u00f3 que \u201ccharole\u00f3\u201d a los presentes, \u201c\u00e9l es el general secretario, pero yo soy el comandante supremo de las Fuerzas Armadas\u201d. Por lo que tuvo que ser atendido en el lugar en el que se encontraba.<\/p>\n\n\n\n<p>\u201cNo me van a llevar a ning\u00fan lado, aqu\u00ed me voy a quedar en este sill\u00f3n y me van a atender\u201d.<\/p>\n\n\n\n<figure class=\"wp-block-embed is-type-rich is-provider-twitter wp-block-embed-twitter\"><div class=\"wp-block-embed__wrapper\">\n<div class=\"twitter-tweet\"><blockquote class=\"twitter-tweet\" data-lang=\"es\"><p lang=\"es\" dir=\"ltr\"><a href=\"https:\/\/twitter.com\/hashtag\/%C3%9AltimoMinuto?src=hash&amp;ref_src=twsrc%5Etfw\">#\u00daltimoMinuto<\/a><br>Luego de tres d\u00edas, reaparece el Presidente <a href=\"https:\/\/twitter.com\/lopezobrador_?ref_src=twsrc%5Etfw\">@lopezobrador_<\/a>, para aclarar sobre su estado de salud, tras contraer Covid-19. <br>Escuche su mensaje: <a href=\"https:\/\/t.co\/TaZaSREkVD\">https:\/\/t.co\/TaZaSREkVD<\/a><\/p>&mdash; Zona Roja Oaxaca (@ZonaRoja_Oaxaca) <a href=\"https:\/\/twitter.com\/ZonaRoja_Oaxaca\/status\/1651367675073904640?ref_src=twsrc%5Etfw\">26 de abril de 2023<\/a><\/blockquote><\/div>\n<\/div><\/figure>\n\n\n\n<p>El pol\u00edtico tabasque\u00f1o dio a conocer que r\u00e1pidamente pudo ser restablecida su presi\u00f3n, por lo que descart\u00f3 tener afectaciones en el coraz\u00f3n o en el cerebro. Tras algunas horas, el mandatario decidi\u00f3 volver a la Ciudad de M\u00e9xico, el traslado se dio con una ambulancia a\u00e9rea \u201cdonde no ven\u00eda yo en camilla, ven\u00eda consciente\u201d.<\/p>\n\n\n\n<p>ESPECULACIONES<\/p>\n\n\n\n<p>\u201cSin embargo, empezaron las especulaciones porque mis adversarios&#8230;tienen mucha imaginaci\u00f3n\u201d<\/p>\n\n\n\n<p>El mandatario tambi\u00e9n aprovech\u00f3 para recordar los rumores que circularon sobre su estado de salud; sin embargo, destac\u00f3 que \u00e9l se encuentra \u201cmuy bien\u201d, trabajando y neg\u00f3 los se\u00f1alamientos sobre presuntos m\u00e9dicos especialistas en Palacio Nacional.<\/p>\n\n\n\n<p>\u201cEstoy bien, me est\u00e1n informando lo que est\u00e1 pasando en el pa\u00eds, afortunadamente las cosas est\u00e1n marchando en lo econ\u00f3mico, el peso sigue fuerte como nunca (\u2026) tambi\u00e9n es un buen dato el del d\u00eda de antier de que est\u00e1 bajando la inflaci\u00f3n, sigue creciendo la econom\u00eda, sigue habiendo empleos\u201d, expres\u00f3.<\/p>\n\n\n\n<p>Asimismo, L\u00f3pez Obrador aprovech\u00f3 el momento para hablar sobre aquellas personas que se regocijaron por su enfermedad o por el deseo de que se muriera, por lo que mand\u00f3 buenos deseos y les pidi\u00f3 no demostrar tener una personalidad vac\u00eda y sin sentimientos.<\/p>\n\n\n\n<p>\u201cMe llama mucho la atenci\u00f3n el odio, \u00bfno?, de algunas personas que quisieran que yo desapareciera, pero no deben de actuar de esa manera, ya hasta me producen sentimientos de afecto porque los considero muy desprovistos de buenos sentimientos, los veo muy solos, muy vac\u00edos\u201d, fueron las palabras que le provocaron los deseos de su muerto que se hicieron p\u00fablicos.<\/p>\n\n\n\n<p>Aunado a ello, record\u00f3 que despu\u00e9s de la campa\u00f1a de 2006 fue cuando comenz\u00f3 a recorrer el pa\u00eds, momento en el que lo dieron por muerto por primera vez, acci\u00f3n que lo dio poder y ayuda para formar al Movimiento de Regeneraci\u00f3n Nacional (Morena).<\/p>\n\n\n\n<p>Finalmente, confi\u00f3 en que pueda terminar su sexenio y terminar las promesas que se hicieron durante la campa\u00f1a electoral, las cuales cree que beneficiar\u00e1n el desarrollo del pa\u00eds.<\/p>\n\n\n\n<p>(Informaci\u00f3n de Infobae M\u00e9xico)<\/p>\n","protected":false},"excerpt":{"rendered":"<p>Redacci\u00f3n\/Zona Roja Cdmx. Ciudad de M\u00e9xico, a 26 de abril de 2023.- El presidente Andr\u00e9s&hellip;<\/p>\n","protected":false},"author":2,"featured_media":54611,"comment_status":"closed","ping_status":"open","sticky":false,"template":"","format":"standard","meta":{"_lmt_disableupdate":"","_lmt_disable":"","_jetpack_memberships_contains_paid_content":false,"footnotes":""},"categories":[1],"tags":[143],"class_list":["post-54610","post","type-post","status-publish","format-standard","has-post-thumbnail","hentry","category-sin-categoria","tag-andres-manuel-lopez-obrador"],"jetpack_featured_media_url":"https:\/\/zonaroja.com.mx\/wp-content\/uploads\/2023\/04\/Andres-Manuel-Lopez-Obrador-.jpeg","jetpack_sharing_enabled":true,"_links":{"self":[{"href":"https:\/\/zonaroja.com.mx\/index.php?rest_route=\/wp\/v2\/posts\/54610","targetHints":{"allow":["GET"]}}],"collection":[{"href":"https:\/\/zonaroja.com.mx\/index.php?rest_route=\/wp\/v2\/posts"}],"about":[{"href":"https:\/\/zonaroja.com.mx\/index.php?rest_route=\/wp\/v2\/types\/post"}],"author":[{"embeddable":true,"href":"https:\/\/zonaroja.com.mx\/index.php?rest_route=\/wp\/v2\/users\/2"}],"replies":[{"embeddable":true,"href":"https:\/\/zonaroja.com.mx\/index.php?rest_route=%2Fwp%2Fv2%2Fcomments&post=54610"}],"version-history":[{"count":1,"href":"https:\/\/zonaroja.com.mx\/index.php?rest_route=\/wp\/v2\/posts\/54610\/revisions"}],"predecessor-version":[{"id":54612,"href":"https:\/\/zonaroja.com.mx\/index.php?rest_route=\/wp\/v2\/posts\/54610\/revisions\/54612"}],"wp:featuredmedia":[{"embeddable":true,"href":"https:\/\/zonaroja.com.mx\/index.php?rest_route=\/wp\/v2\/media\/54611"}],"wp:attachment":[{"href":"https:\/\/zonaroja.com.mx\/index.php?rest_route=%2Fwp%2Fv2%2Fmedia&parent=54610"}],"wp:term":[{"taxonomy":"category","embeddable":true,"href":"https:\/\/zonaroja.com.mx\/index.php?rest_route=%2Fwp%2Fv2%2Fcategories&post=54610"},{"taxonomy":"post_tag","embeddable":true,"href":"https:\/\/zonaroja.com.mx\/index.php?rest_route=%2Fwp%2Fv2%2Ftags&post=54610"}],"curies":[{"name":"wp","href":"https:\/\/api.w.org\/{rel}","templated":true}]}}