{"id":54613,"date":"2023-04-26T21:11:02","date_gmt":"2023-04-27T02:11:02","guid":{"rendered":"http:\/\/www.zonaroja.com.mx\/?p=54613"},"modified":"2023-04-26T21:11:06","modified_gmt":"2023-04-27T02:11:06","slug":"historica-inspeccion-a-cuarteles-de-sedena-en-oaxaca-donde-habrian-torturado-a-personas","status":"publish","type":"post","link":"https:\/\/zonaroja.com.mx\/?p=54613","title":{"rendered":"Hist\u00f3rica inspecci\u00f3n a cuarteles de Sedena en Oaxaca, donde habr\u00edan torturado a personas"},"content":{"rendered":"\n<p>Yuridiana Sosa\/Zona Roja.<\/p>\n\n\n\n<p>Oaxaca de Ju\u00e1rez, Oax., a 26 de abril de 2023.- Como parte de las investigaciones por parte de la Comisi\u00f3n de la Verdad por los hechos de la llamada \u201cGuerra sucia\u201d en M\u00e9xico, sus integrantes y v\u00edctimas sobrevivientes recorrieron ayer, con permiso de la Sedena, los cuarteles de la VIII Regi\u00f3n y XXVIII Zona Militar, hecho que calificaron como hist\u00f3rico.<\/p>\n\n\n\n<p>Este mi\u00e9rcoles, integrantes de la \u201cComisi\u00f3n para el Acceso a la Verdad, el Esclarecimiento Hist\u00f3rico y el Impulso a la Justicia de las violaciones graves a los derechos humanos cometidas de 1965 a 1990\u201d rindieron una rese\u00f1a de los avances que lograron en su recorrido en la sede militar de Santa Mar\u00eda Ixcotel en Oaxaca, estado del que se registran v\u00edctimas por los hechos de ese entonces.<\/p>\n\n\n\n<p>El director de Enlace de la Subsecretar\u00eda de Derechos Humanos de la Secretar\u00eda de Gobernaci\u00f3n, Camilo Vicente Ovalle, enfatiz\u00f3 la relevancia hist\u00f3rica que representa que la Secretar\u00eda de la Defensa Nacional para la investigaci\u00f3n haya permitido el acceso a los cuarteles y sur archivos para complementar la investigaci\u00f3n en torno a los hechos en los que pudieron estar involucradas sus bases.<\/p>\n\n\n\n<p>Apunt\u00f3 que desde junio de 2022, la Comisi\u00f3n de la Verdad trabaja con la Sedena en acciones estrat\u00e9gicas, como es precisamente la revisi\u00f3n de archivos militares y el reconocimiento e inspecci\u00f3n del interior de las instalaciones militares donde probablemente se hayan cometido graves violaciones a los derechos humanos.<\/p>\n\n\n\n<figure class=\"wp-block-embed is-type-rich is-provider-twitter wp-block-embed-twitter\"><div class=\"wp-block-embed__wrapper\">\n<div class=\"twitter-tweet\"><blockquote class=\"twitter-tweet\" data-lang=\"es\"><p lang=\"es\" dir=\"ltr\"><a href=\"https:\/\/twitter.com\/hashtag\/ENVIVO?src=hash&amp;ref_src=twsrc%5Etfw\">#ENVIVO<\/a><br>Oaxaca de Ju\u00e1rez, Oax., a 26 de abril de 2023.- Integrantes de la Comisi\u00f3n para la Verdad y sobrevivientes realizan un balance del ingreso al Campo Militar de la VIII Regi\u00f3n Militar y XXVIII Zona Militar en Santa Mar\u00eda Ixcotel, Oaxaca.<br>\ud83d\udc47<a href=\"https:\/\/t.co\/lrRLLHo2k4\">https:\/\/t.co\/lrRLLHo2k4<\/a> <a href=\"https:\/\/t.co\/xpBTYxtYkz\">pic.twitter.com\/xpBTYxtYkz<\/a><\/p>&mdash; Zona Roja Oaxaca (@ZonaRoja_Oaxaca) <a href=\"https:\/\/twitter.com\/ZonaRoja_Oaxaca\/status\/1651291488272121861?ref_src=twsrc%5Etfw\">26 de abril de 2023<\/a><\/blockquote><\/div>\n<\/div><\/figure>\n\n\n\n<p>As\u00ed tambi\u00e9n otro de los objetivos es obtener testimonios de sobrevivientes que declaren haber estado detenidos en esos lugares de manera ilegal y arbitraria, sufriendo tortura o v\u00edctima de desaparici\u00f3n forzada, y finalmente es realizar el informe.<\/p>\n\n\n\n<p>HAY INDICIOS<\/p>\n\n\n\n<p>En Santa Mar\u00eda Ixcotel, del municipio de Santa Luc\u00eda del Camino, el recorrido se realiz\u00f3 el 25 de abril, momento que tambi\u00e9n fue hist\u00f3rico porque es la primera vez que las v\u00edctimas pueden regresar en otra condici\u00f3n en busca de la verdad y justicia.<\/p>\n\n\n\n<p>Vicente Ovalle se\u00f1al\u00f3 que como parte del resultado esta colaboraci\u00f3n con la Sedena es que se pudieron recorrer las 90 hect\u00e1reas que comprenden las instalaciones militares, en las que se encontraron indicios de que en ese lugar hayan permanecido detenidas de manera ilegal algunas personas que conformaron parte de la lucha social de la d\u00e9cada de los 70 en Oaxaca.<\/p>\n\n\n\n<p>Precis\u00f3 que esos datos ser\u00e1n sometidos a nuevos procesos de verificaci\u00f3n cient\u00edfica e hist\u00f3rica, por lo que el reporte actual no es concluyente, sino preliminar.<\/p>\n\n\n\n<p>La Comisi\u00f3n para el Acceso a la Verdad de la Guerra Sucia, que se cre\u00f3 en el gobierno de Andr\u00e9s Manuel L\u00f3pez Obrador, ha realizado cuatro inspecciones a instalaciones de la Sedena en la Ciudad de M\u00e9xico, Culiac\u00e1n, Guerrero y Oaxaca.<\/p>\n\n\n\n<p>La conferencia de prensa en que se dieron a conocer detalles, se efectu\u00f3 hoy en la sede de la Defensor\u00eda de los Derechos Humanos del Pueblo de Oaxaca, en la capital oaxaque\u00f1a.<\/p>\n\n\n\n<figure class=\"wp-block-embed is-type-rich is-provider-twitter wp-block-embed-twitter\"><div class=\"wp-block-embed__wrapper\">\n<div class=\"twitter-tweet\"><blockquote class=\"twitter-tweet\" data-lang=\"es\"><p lang=\"es\" dir=\"ltr\">Como hist\u00f3rico calificaron integrantes de la Comisi\u00f3n de la Verdad -por hechos en la llamada \u201cguerra sucia\u201d en M\u00e9xico- y v\u00edctimas, que la <a href=\"https:\/\/twitter.com\/SEDENAmx?ref_src=twsrc%5Etfw\">@SEDENAmx<\/a> haya permitido ingresar a cuarteles de la VIII Regi\u00f3n Militar y XXVIII Zona, para complementar investigaciones. <br>De manera\u2026 <a href=\"https:\/\/t.co\/f0nDt2G9GM\">pic.twitter.com\/f0nDt2G9GM<\/a><\/p>&mdash; Zona Roja Oaxaca (@ZonaRoja_Oaxaca) <a href=\"https:\/\/twitter.com\/ZonaRoja_Oaxaca\/status\/1651340213350809602?ref_src=twsrc%5Etfw\">26 de abril de 2023<\/a><\/blockquote><\/div>\n<\/div><\/figure>\n","protected":false},"excerpt":{"rendered":"<p>Yuridiana Sosa\/Zona Roja. Oaxaca de Ju\u00e1rez, Oax., a 26 de abril de 2023.- Como parte&hellip;<\/p>\n","protected":false},"author":2,"featured_media":54614,"comment_status":"closed","ping_status":"open","sticky":false,"template":"","format":"standard","meta":{"_lmt_disableupdate":"","_lmt_disable":"","_jetpack_memberships_contains_paid_content":false,"footnotes":""},"categories":[1],"tags":[3525],"class_list":["post-54613","post","type-post","status-publish","format-standard","has-post-thumbnail","hentry","category-sin-categoria","tag-comision-de-la-verdad-mexico"],"jetpack_featured_media_url":"https:\/\/zonaroja.com.mx\/wp-content\/uploads\/2023\/04\/Conferencia-de-prensa-Comision-de-la-Verdad.jpg","jetpack_sharing_enabled":true,"_links":{"self":[{"href":"https:\/\/zonaroja.com.mx\/index.php?rest_route=\/wp\/v2\/posts\/54613","targetHints":{"allow":["GET"]}}],"collection":[{"href":"https:\/\/zonaroja.com.mx\/index.php?rest_route=\/wp\/v2\/posts"}],"about":[{"href":"https:\/\/zonaroja.com.mx\/index.php?rest_route=\/wp\/v2\/types\/post"}],"author":[{"embeddable":true,"href":"https:\/\/zonaroja.com.mx\/index.php?rest_route=\/wp\/v2\/users\/2"}],"replies":[{"embeddable":true,"href":"https:\/\/zonaroja.com.mx\/index.php?rest_route=%2Fwp%2Fv2%2Fcomments&post=54613"}],"version-history":[{"count":1,"href":"https:\/\/zonaroja.com.mx\/index.php?rest_route=\/wp\/v2\/posts\/54613\/revisions"}],"predecessor-version":[{"id":54615,"href":"https:\/\/zonaroja.com.mx\/index.php?rest_route=\/wp\/v2\/posts\/54613\/revisions\/54615"}],"wp:featuredmedia":[{"embeddable":true,"href":"https:\/\/zonaroja.com.mx\/index.php?rest_route=\/wp\/v2\/media\/54614"}],"wp:attachment":[{"href":"https:\/\/zonaroja.com.mx\/index.php?rest_route=%2Fwp%2Fv2%2Fmedia&parent=54613"}],"wp:term":[{"taxonomy":"category","embeddable":true,"href":"https:\/\/zonaroja.com.mx\/index.php?rest_route=%2Fwp%2Fv2%2Fcategories&post=54613"},{"taxonomy":"post_tag","embeddable":true,"href":"https:\/\/zonaroja.com.mx\/index.php?rest_route=%2Fwp%2Fv2%2Ftags&post=54613"}],"curies":[{"name":"wp","href":"https:\/\/api.w.org\/{rel}","templated":true}]}}