{"id":54618,"date":"2023-04-27T14:00:00","date_gmt":"2023-04-27T19:00:00","guid":{"rendered":"http:\/\/www.zonaroja.com.mx\/?p=54618"},"modified":"2023-04-27T07:21:22","modified_gmt":"2023-04-27T12:21:22","slug":"este-ano-declararia-la-oms-el-fin-del-covid-19","status":"publish","type":"post","link":"https:\/\/zonaroja.com.mx\/?p=54618","title":{"rendered":"Este a\u00f1o declarar\u00eda la OMS el fin del Covid-19"},"content":{"rendered":"\n<p>Redacci\u00f3n\/Zona Roja Cdmx.<\/p>\n\n\n\n<p>Ciudad de M\u00e9xico, a 27 de abril de 2023.- La Organizaci\u00f3n Mundial de la Salud (OMS) prev\u00e9 declarar este 2023 el fin del Covid-19 como una emergencia de salud p\u00fablica de inter\u00e9s internacional.<\/p>\n\n\n\n<p>Sin embargo, el director general de la OMS, el Dr. Tedros Adhanom, destac\u00f3 que el SARS-CoV-2 lleg\u00f3 para quedarse y todos los pa\u00edses deben aprender a manejarlo junto con otras enfermedades infecciosas.<\/p>\n\n\n\n<p>Actualmente una de cada 10 infecciones por Covid-19 deriva en una enfermedad a largo plazo.<\/p>\n\n\n\n<p>Adem\u00e1s, la nueva variante XBB.1.16 muestra que \u201cel virus todav\u00eda est\u00e1 cambiando y todav\u00eda es capaz de causar nuevas oleadas de enfermedad y muerte\u201d.<\/p>\n\n\n\n<p>La OMS publicar\u00e1 la cuarta edici\u00f3n de su Plan Estrat\u00e9gico de Preparaci\u00f3n y Respuesta para guiar a los pa\u00edses durante los pr\u00f3ximos dos a\u00f1os de la transici\u00f3n de una respuesta de emergencia a una gesti\u00f3n sostenida a largo plazo de Covid-19.<\/p>\n\n\n\n<p>(Informaci\u00f3n de L\u00f3pez-D\u00f3riga Digital)<\/p>\n","protected":false},"excerpt":{"rendered":"<p>Redacci\u00f3n\/Zona Roja Cdmx. Ciudad de M\u00e9xico, a 27 de abril de 2023.- La Organizaci\u00f3n Mundial&hellip;<\/p>\n","protected":false},"author":2,"featured_media":35002,"comment_status":"closed","ping_status":"open","sticky":false,"template":"","format":"standard","meta":{"_lmt_disableupdate":"","_lmt_disable":"","_jetpack_memberships_contains_paid_content":false,"footnotes":""},"categories":[109,47],"tags":[1510],"class_list":["post-54618","post","type-post","status-publish","format-standard","has-post-thumbnail","hentry","category-minuto-a-minuto","category-zona-gris","tag-coronavirus-pandemia-global"],"jetpack_featured_media_url":"https:\/\/zonaroja.com.mx\/wp-content\/uploads\/2021\/12\/Covid-Omnicron-coronavirus.jpg","jetpack_sharing_enabled":true,"_links":{"self":[{"href":"https:\/\/zonaroja.com.mx\/index.php?rest_route=\/wp\/v2\/posts\/54618","targetHints":{"allow":["GET"]}}],"collection":[{"href":"https:\/\/zonaroja.com.mx\/index.php?rest_route=\/wp\/v2\/posts"}],"about":[{"href":"https:\/\/zonaroja.com.mx\/index.php?rest_route=\/wp\/v2\/types\/post"}],"author":[{"embeddable":true,"href":"https:\/\/zonaroja.com.mx\/index.php?rest_route=\/wp\/v2\/users\/2"}],"replies":[{"embeddable":true,"href":"https:\/\/zonaroja.com.mx\/index.php?rest_route=%2Fwp%2Fv2%2Fcomments&post=54618"}],"version-history":[{"count":1,"href":"https:\/\/zonaroja.com.mx\/index.php?rest_route=\/wp\/v2\/posts\/54618\/revisions"}],"predecessor-version":[{"id":54619,"href":"https:\/\/zonaroja.com.mx\/index.php?rest_route=\/wp\/v2\/posts\/54618\/revisions\/54619"}],"wp:featuredmedia":[{"embeddable":true,"href":"https:\/\/zonaroja.com.mx\/index.php?rest_route=\/wp\/v2\/media\/35002"}],"wp:attachment":[{"href":"https:\/\/zonaroja.com.mx\/index.php?rest_route=%2Fwp%2Fv2%2Fmedia&parent=54618"}],"wp:term":[{"taxonomy":"category","embeddable":true,"href":"https:\/\/zonaroja.com.mx\/index.php?rest_route=%2Fwp%2Fv2%2Fcategories&post=54618"},{"taxonomy":"post_tag","embeddable":true,"href":"https:\/\/zonaroja.com.mx\/index.php?rest_route=%2Fwp%2Fv2%2Ftags&post=54618"}],"curies":[{"name":"wp","href":"https:\/\/api.w.org\/{rel}","templated":true}]}}