{"id":54620,"date":"2023-04-27T10:30:00","date_gmt":"2023-04-27T15:30:00","guid":{"rendered":"http:\/\/www.zonaroja.com.mx\/?p=54620"},"modified":"2023-04-27T10:50:10","modified_gmt":"2023-04-27T15:50:10","slug":"tiene-salomon-jara-su-primera-recomendacion-de-la-cndh","status":"publish","type":"post","link":"https:\/\/zonaroja.com.mx\/?p=54620","title":{"rendered":"Tiene Salom\u00f3n Jara su primera recomendaci\u00f3n de la CNDH"},"content":{"rendered":"\n<p>Redacci\u00f3n\/Zona Roja.<\/p>\n\n\n\n<p>Oaxaca de Ju\u00e1rez, Oax., a 27 de abril de 2023.- El gobernador de Oaxaca, Salom\u00f3n Jara Cruz, tiene su primera recomendaci\u00f3n emitida por la Comisi\u00f3n Nacional de los Derechos Humanos (CNDH).<\/p>\n\n\n\n<p>Fue emitida ayer y dirigida tambi\u00e9n a otros nueve mandatarios del pa\u00eds, debido a que no cuenta con un marco legal actualizado que permita reconocer el derecho a contraer matrimonio a personas que viven con VIH, Sida u otras enfermedades cr\u00f3nicas o contagiosas.<\/p>\n\n\n\n<p>La Recomendaci\u00f3n General 48\/2023 de la CNDH fue emitida para los gobernadores de los estados de Chiapas, Durango, Guanajuato, Guerrero, Nuevo Le\u00f3n, Puebla, Quer\u00e9taro, Quintana Roo y Sinaloa, adem\u00e1s de Oaxaca.<\/p>\n\n\n\n<p>Ello, \u201cPor restringir o impedir que las personas que viven con VIH o Sida y con enfermedades cr\u00f3nicas e incurables, contagiosas o hereditarias, contraigan matrimonio\u201d.<\/p>\n\n\n\n<p>De la misma manera, la recomendaci\u00f3n se dirigi\u00f3 a las y los titulares de las Mesas Directivas de los Congresos locales de dichas entidades federativas, para que actualicen los marcos normativos correspondientes.<\/p>\n\n\n\n<p>La CNDH inform\u00f3 que solicit\u00f3 informaci\u00f3n a las direcciones generales de los Registros Civiles de las 32 entidades federativas sobre este tema, de lo que se determin\u00f3 que las legislaciones que contemplan la figura jur\u00eddica del matrimonio en esos estados establecen el impedimento a contraer nupcias a personas que vivan con las condiciones mencionadas.<\/p>\n\n\n\n<p>Por ello, acredit\u00f3 despu\u00e9s de analizar la informaci\u00f3n \u201cla vulneraci\u00f3n de los derechos humanos a formar una familia, a la igualdad y no discriminaci\u00f3n, al libre desarrollo de la personalidad y al derecho de acceso a la informaci\u00f3n con respecto al derecho a la salud\u201d.<\/p>\n\n\n\n<p>El organismo nacional consider\u00f3 que dicha limitaci\u00f3n legal vulnera sus derechos humanos a formar una familia, a la igualdad y no discriminaci\u00f3n, al libre desarrollo de la personalidad y al derecho de acceso a la informaci\u00f3n con respecto al derecho a la salud.<\/p>\n\n\n\n<p>\u201cDerivado de lo anterior, esta Comisi\u00f3n Nacional solicita a los gobernadores de las entidades referidas presenten una iniciativa para reformar las disposiciones, materia de dicha Recomendaci\u00f3n, contenidas en los C\u00f3digos Civiles y\/o familiares y en las dem\u00e1s legislaciones que regulan la figura del matrimonio\u201d, expuso la CNDH.<\/p>\n\n\n\n<p>Asimismo, mientras se promueve una modificaci\u00f3n, reforma o derogaci\u00f3n a los art\u00edculos contenidos en los C\u00f3digos Civiles y\/o Familiares de los estados.<\/p>\n\n\n\n<p>Seg\u00fan datos del Centro Nacional para la Prevenci\u00f3n y el Control del VIH y el sida (Censida), en M\u00e9xico han padecido esta enfermedad cerca de 342 mil individuos.<\/p>\n\n\n\n<p>(Con informaci\u00f3n de agencias y comunicado)<\/p>\n","protected":false},"excerpt":{"rendered":"<p>Redacci\u00f3n\/Zona Roja. Oaxaca de Ju\u00e1rez, Oax., a 27 de abril de 2023.- El gobernador de&hellip;<\/p>\n","protected":false},"author":2,"featured_media":45675,"comment_status":"closed","ping_status":"open","sticky":false,"template":"","format":"standard","meta":{"_lmt_disableupdate":"","_lmt_disable":"","_jetpack_memberships_contains_paid_content":false,"footnotes":""},"categories":[109,47],"tags":[939],"class_list":["post-54620","post","type-post","status-publish","format-standard","has-post-thumbnail","hentry","category-minuto-a-minuto","category-zona-gris","tag-salomon-jara-cruz"],"jetpack_featured_media_url":"https:\/\/zonaroja.com.mx\/wp-content\/uploads\/2022\/09\/Salomon-Jara-Cruz.jpeg","jetpack_sharing_enabled":true,"_links":{"self":[{"href":"https:\/\/zonaroja.com.mx\/index.php?rest_route=\/wp\/v2\/posts\/54620","targetHints":{"allow":["GET"]}}],"collection":[{"href":"https:\/\/zonaroja.com.mx\/index.php?rest_route=\/wp\/v2\/posts"}],"about":[{"href":"https:\/\/zonaroja.com.mx\/index.php?rest_route=\/wp\/v2\/types\/post"}],"author":[{"embeddable":true,"href":"https:\/\/zonaroja.com.mx\/index.php?rest_route=\/wp\/v2\/users\/2"}],"replies":[{"embeddable":true,"href":"https:\/\/zonaroja.com.mx\/index.php?rest_route=%2Fwp%2Fv2%2Fcomments&post=54620"}],"version-history":[{"count":2,"href":"https:\/\/zonaroja.com.mx\/index.php?rest_route=\/wp\/v2\/posts\/54620\/revisions"}],"predecessor-version":[{"id":54639,"href":"https:\/\/zonaroja.com.mx\/index.php?rest_route=\/wp\/v2\/posts\/54620\/revisions\/54639"}],"wp:featuredmedia":[{"embeddable":true,"href":"https:\/\/zonaroja.com.mx\/index.php?rest_route=\/wp\/v2\/media\/45675"}],"wp:attachment":[{"href":"https:\/\/zonaroja.com.mx\/index.php?rest_route=%2Fwp%2Fv2%2Fmedia&parent=54620"}],"wp:term":[{"taxonomy":"category","embeddable":true,"href":"https:\/\/zonaroja.com.mx\/index.php?rest_route=%2Fwp%2Fv2%2Fcategories&post=54620"},{"taxonomy":"post_tag","embeddable":true,"href":"https:\/\/zonaroja.com.mx\/index.php?rest_route=%2Fwp%2Fv2%2Ftags&post=54620"}],"curies":[{"name":"wp","href":"https:\/\/api.w.org\/{rel}","templated":true}]}}